{"id":6225,"date":"2021-08-16T11:14:50","date_gmt":"2021-08-16T08:14:50","guid":{"rendered":"https:\/\/masiwa-comores.com\/?p=6225"},"modified":"2021-08-16T11:14:50","modified_gmt":"2021-08-16T08:14:50","slug":"6225-2","status":"publish","type":"post","link":"https:\/\/masiwa-comores.com\/non-classe\/6225-2\/","title":{"rendered":""},"content":{"rendered":"<p style=\"text-align: right;\"><strong>Gen\u00e8ve, le 4 ao\u00fbt<\/strong> <strong>2021 <\/strong><\/p>\n<p style=\"padding-left: 240px;\"><strong>A<\/strong><\/p>\n<p style=\"padding-left: 240px;\"><strong>\u00a0Son<\/strong> <strong>Excellence<\/strong> <strong>FILIPE JACINTO NYUSI <\/strong><\/p>\n<p style=\"padding-left: 240px;\"><strong>Pr\u00e9sident<\/strong> <strong>de la R\u00e9publique du Mozambique\u00a0<\/strong><\/p>\n<p style=\"padding-left: 240px;\"><strong>Pr\u00e9sident<\/strong> en <strong>exercice la<\/strong> <strong>SADC <\/strong><\/p>\n<p style=\"padding-left: 240px;\"><strong>\u00a0<\/strong>\u00a0<strong>S\/C\u00a0 <\/strong><\/p>\n<p style=\"padding-left: 240px;\"><strong>Son<\/strong> <strong>Excellence<\/strong> <strong>Dr<\/strong> <strong>Lawrence<\/strong> <strong>STERGOMENA<\/strong>\u00a0<strong>\u00a0\u00a0\u00a0\u00a0\u00a0\u00a0\u00a0\u00a0\u00a0\u00a0\u00a0\u00a0\u00a0\u00a0\u00a0\u00a0\u00a0\u00a0\u00a0<\/strong><\/p>\n<p style=\"padding-left: 240px;\"><strong>Secr\u00e9taire Ex\u00e9cutive <\/strong>de <strong>la<\/strong> <strong>SADC<\/strong><\/p>\n<p style=\"padding-left: 240px;\"><strong>GABORONE<\/strong> B<strong>OTSWANA <\/strong><\/p>\n<p><strong>\u00a0<\/strong><\/p>\n<p>&nbsp;<\/p>\n<p><strong>Monsieur<\/strong> <strong>le<\/strong> <strong>Pr\u00e9sident,<\/strong><\/p>\n<p>Dans la perspective du prochain sommet de la SADC \u00e0 Malawi du 9 au 18 ao\u00fbt 2021, dont notre pays est membre, Monsieur Moustoifa Sa\u00efd Cheikh Al Idarous, Pr\u00e9sident du Gouvernement de transition en exil de\u00a0 l&#8217;Union des Comores, a l&#8217;honneur de vous prier de prendre connaissance d&#8217;une note et de notre requ\u00eate \u00e0 la Cour Africaine des Droits de l\u2019homme des Peuples, envoy\u00e9es ce jour en annexe, ayant pour\u00a0 sujet la crise institutionnelle et politique en Union des Comores, dont les cons\u00e9quences imm\u00e9diates pourraient compromettre les efforts d\u00e9ploy\u00e9s par les pays membres de notre organisation r\u00e9gionale dans le cadre de la consolidation de la s\u00e9curit\u00e9 et de la lutte contre le terrorisme dans notre r\u00e9gion.<\/p>\n<p>L\u2019absence de l\u00e9gitimit\u00e9 constitutionnelle et politique du gouvernement dirig\u00e9 par Monsieur Azali Assoumani, ancien Pr\u00e9sident de l\u2019Union des Comores, contribue \u00e0 la mont\u00e9e inqui\u00e9tante de l\u2019extr\u00e9misme et du populisme\u00a0 dans notre pays, encourage la migration massive\u00a0 dans des conditions dangereuses et p\u00e9rilleuses de notre jeunesse qui fuit l\u2019arbitraire, la terreur, la r\u00e9pression militaire et les assassinats politiques, syst\u00e8me \u00e9rig\u00e9 par lui comme mode de gouvernance.<\/p>\n<p>Monsieur Azali\u00a0 Assoumani\u00a0 est l&#8217;unique responsable de l\u2019anarchie et de la crise institutionnelle aux Comores, car il s&#8217;obstine \u00e0 se maintenir au pouvoir, par la ruse, la manipulation et la r\u00e9pression alors que son mandat de cinq ( 5) ans, entam\u00e9 le 26 mai 2016, a pris fin le 26 mai 2021.<\/p>\n<p>En effet, contrairement \u00e0 ce qui avait \u00e9t\u00e9 rapport\u00e9 \u00e0 notre organisation r\u00e9gionale, suite \u00e0 une manipulation de fait qui est la r\u00e9sultante des man\u0153uvres frauduleuses, le gouvernement du colonel Azali Assoumani n\u2019est pas l\u00e9gitime, car il est issu d&#8217;un \u00e9ni\u00e8me Coup d\u2019\u00c9tat \u00e9lectoral commis par lui le 24 mars 2019. Depuis, notre pays est pris en otage.<\/p>\n<p>En effet, comme l\u2019indiquent les rapports des observateurs nationaux et internationaux de la COMESA, UA et EASF, d\u00e9ploy\u00e9s aux Comores, \u201cles missions d\u00e9plorent les incidents observ\u00e9s qui n&#8217;ont pas permis aux \u00e9lecteurs de sortir massivement pour exercer leur droit civique dans la s\u00e9r\u00e9nit\u00e9.<\/p>\n<p>Ces dysfonctionnements ainsi que l\u2019interruption des op\u00e9rations de d\u00e9pouillement, la collecte et le transfert\u00a0 des urnes par les \u00e9l\u00e9ments des forces de l\u2019ordre ont de ce fait affect\u00e9 le bon d\u00e9roulement des op\u00e9rations de vote et de d\u00e9pouillement et par cons\u00e9quent,\u00a0 l\u2019ensemble du scrutin\u201d.<\/p>\n<p>La Cour Africaine des Droits de l\u2019homme et des Peuples, saisie d&#8217;une requ\u00eate, par notre gouvernement, doit se prononcer sur les cons\u00e9quences des d\u00e9cisions et engagements internationaux pris par Monsieur Azali Assoumani, ancien Pr\u00e9sident de l\u2019union des Comores depuis la fin de son mandat le 26 mai 2021.<\/p>\n<p>Cette proc\u00e9dure suivie par nos avocats est fond\u00e9e sur les dispositions de l\u2019article 17 de la Charte de l\u2019Union africaine en ce qu&#8217;elles exigent aux \u00c9tats membres de l\u2019Union Africaine le respect du principe d\u2019un \u00c9tat de droit et l\u2019obligation pour eux de faciliter \u201cla participation populaire par le biais du suffrage universel comme un droit inali\u00e9nable des peuples \u201c La Charte rappelle aux \u00c9tats \u201c leur engagement \u00e0 tenir r\u00e9guli\u00e8rement des \u00e9lections libres et justes\u201d.<\/p>\n<p>Apres avoir constat\u00e9 l\u2019absence de l\u00e9gitimit\u00e9 constitutionnelle, politique et internationale du gouvernement de Monsieur Azali Assoumani au regard des violations graves et r\u00e9p\u00e9t\u00e9es des engagements internationaux signes par l\u2019Union des Comores,\u00a0 notre Organisation r\u00e9gionale, la SADC, doit tirer toutes les cons\u00e9quences et s&#8217;abstenir \u00e0 ne pas accorder la moindre l\u00e9gitimit\u00e9 \u00e0 un r\u00e9gime qui fait de l\u2019impunit\u00e9 des assassinats des civils par des militaires,\u00a0 la torture , la terreur, la r\u00e9pression militaire, la corruption et les d\u00e9tournements des deniers publics et l\u2019enrichissement illicite son mode de gouvernance.<\/p>\n<p>Depuis la fin du mandat de Monsieur Azali Assoumani,\u00a0 le 26 mai 2021,\u00a0 la violation des valeurs d\u00e9mocratiques et des droits de l\u2019homme s&#8217;est s\u00e9rieusement intensifi\u00e9e aux Comores avec maintien de l\u2019interdiction des manifestations pacifiques, censure et emprisonnement des journalistes, provoquant l&#8217;exil de certains de ses opposants, et arrestations et d\u00e9tentions arbitraires sans jugement aucun \u2013 notamment de l\u2019ancien Pr\u00e9sident Ahmed Abdallah Mohamed SAMBI, et d\u2019autres personnalit\u00e9s politiques \u00a0notamment un autre ancien pr\u00e9sident Ikililou Dhoinine et d\u2019anciens vice-pr\u00e9sidents de l\u2019Union des Comores, assign\u00e9s en r\u00e9sidence surveill\u00e9e depuis plus de trois ans (3 ans) comme l&#8217;a constat\u00e9 le rapporteur des Nations Unies sur la torture aux Comores et le rapport du D\u00e9partement d\u2019\u00c9tat am\u00e9ricain en son rapport du 30 mai dernier.<\/p>\n<p>Notre pays est pris en otage par les membres de sa famille et de son village qui occupent les postes minist\u00e9riels r\u00e9galiens et les postes de direction des grandes soci\u00e9t\u00e9s d\u2019\u00c9tat et de la haute administration publique.<\/p>\n<p>Par ailleurs, les actions de la police politique, disposant d&#8217;un pouvoir exceptionnel et agissant en dehors de tout cadre l\u00e9gal, inqui\u00e8tent d\u00e9j\u00e0 la population qui s\u2019interroge sur la pr\u00e9sence dans cette milice d\u2019\u00c9tat, ces derniers mois, d\u2019\u00e9l\u00e9ments \u00e9trangers dont les nationalit\u00e9s ne sont pas \u00e9tablies, renforcent s\u00e9rieusement le sentiment de terreur qui r\u00e8gne aux Comores et dans l\u2019\u00eele Autonome d\u2019Anjouan en particulier.<\/p>\n<p>Cette Ile est une entit\u00e9 cibl\u00e9e atrocement par le Colonel Azali Assoumani qui a d\u00e9ploy\u00e9 sur place des militaires et des milices compos\u00e9s d\u2019\u00e9l\u00e9ments originaires de l\u2019\u00eele de Ngazidja (Grande-Comore) afin d\u2019y faire subir \u00e0 la population d\u2019Anjouan des pers\u00e9cutions, de la terreur et des arrestations arbitraires suivies des tortures inqualifiables notamment aupr\u00e8s des femmes subissant aussi des viols et de nombreux assassinats politiques av\u00e9r\u00e9s commis en toute impunit\u00e9 par des militaires sous le commandement du colonel Azali Assoumani.<\/p>\n<p>Certains faits ont \u00e9t\u00e9 soumis \u00e0 Madame la Procureure de la Cour P\u00e9nale internationale et d&#8217;autres ont fait l&#8217;objet des plaintes au cabinet du Doyen des juges d\u2019instruction pr\u00e8s du Tribunal judiciaire de Paris (France).<\/p>\n<p>La d\u00e9marche du Gouvernement de Transition en Exil de l\u2019Union des Comores aupr\u00e8s de notre organisation r\u00e9gionale a trait \u00e0 une situation p\u00e9rilleuse pour l&#8217;avenir de notre pays, sa stabilit\u00e9 et la s\u00e9curit\u00e9 dans notre r\u00e9gion dans la mesure o\u00f9 le maintien au pouvoir d&#8217;un r\u00e9gime ill\u00e9gitime et r\u00e9pressif constitue un facteur important de risque tr\u00e8s \u00e9lev\u00e9 de s\u00e9cession et une menace s\u00e9rieuse sur l\u2019int\u00e9grit\u00e9 de notre territoire, sans renier le risque encouru d\u2019une guerre civile \u00e0 caract\u00e8re insulaire.<\/p>\n<p>C&#8217;est pourquoi nous \u00e9mettons l&#8217;espoir de voir les \u00c9tats membres de la SADC \u00e0 se pencher s\u00e9rieusement sur le dossier des Comores et la crise institutionnelle et politique provoqu\u00e9e par Monsieur Azali Assoumani, ancien Pr\u00e9sident de l\u2019union.<\/p>\n<p>Le Gouvernement de Transition en Exil de l\u2019Union des Comores ne pouvant laisser l\u2019Unit\u00e9 de notre pays et son int\u00e9grit\u00e9 compromises par les actions malveillantes d&#8217;un homme assoiff\u00e9 de pouvoir, la solidarit\u00e9 r\u00e9gionale des pays fr\u00e8res et membres de notre organisation sous \u2013 r\u00e9gionale pourrait, une nouvelle fois encore, contribuer \u00e0 l\u2019\u00e9mergence d&#8217;un environnement propice \u00e0 une transition apais\u00e9e et inclusive favorable \u00e0 un dialogue sous l\u2019\u00e9gide de l\u2019union Africaine, cette solution serait une contribution pr\u00e9cieuse de notre organisation sous r\u00e9gionale aux crises que traversent les Comores.<\/p>\n<p>Dans les circonstances pr\u00e9sentes, de pers\u00e9cutions et d\u2019arbitraire, l\u2019ensemble des partis de l\u2019opposition, la soci\u00e9t\u00e9 civile, la population et notre Diaspora, esp\u00e8rent et attendent beaucoup de l&#8217;action de la SADC.<\/p>\n<p>Vous remerciant de la suite que vous voudrez bien donner \u00e0 la pr\u00e9sente, je vous prie, Monsieur le Pr\u00e9sident, de croire en l&#8217;assurance de ma tr\u00e8s haute consid\u00e9ration.<\/p>\n<p>&nbsp;<\/p>\n<p><strong>Me<\/strong> <strong>Sa\u00efd<\/strong> <strong>Larifou<\/strong>,<\/p>\n<p>Ancien candidat \u00e0 l\u2019\u00e9lection pr\u00e9sidentielle de l\u2019Union des Comores<\/p>\n<p>Ministre d\u2019\u00c9tat, Ministre des affaires \u00e9trang\u00e8res<\/p>\n<p>Rue du Pre-de -la-Bichette 1 Nations Centre<\/p>\n<p>6 th Floor 1202 Geneva<\/p>\n<p>Switzerland<\/p>\n<p>T\u00e9l\u00e9phone +33605993004, E-mail : larifou@gmail.com<\/p>\n","protected":false},"excerpt":{"rendered":"<p>Gen\u00e8ve, le 4 ao\u00fbt 2021 A \u00a0Son Excellence FILIPE JACINTO NYUSI Pr\u00e9sident de la R\u00e9publique du Mozambique\u00a0 Pr\u00e9sident en exercice la SADC \u00a0\u00a0S\/C\u00a0 Son Excellence Dr Lawrence STERGOMENA\u00a0\u00a0\u00a0\u00a0\u00a0\u00a0\u00a0\u00a0\u00a0\u00a0\u00a0\u00a0\u00a0\u00a0\u00a0\u00a0\u00a0\u00a0\u00a0\u00a0 Secr\u00e9taire Ex\u00e9cutive de la SADC GABORONE BOTSWANA \u00a0 &nbsp; Monsieur le Pr\u00e9sident, Dans la perspective du prochain sommet de la SADC \u00e0 Malawi du 9 au 18 [&hellip;]<\/p>\n","protected":false},"author":15,"featured_media":6226,"comment_status":"open","ping_status":"open","sticky":false,"template":"","format":"standard","meta":{"footnotes":""},"categories":[],"tags":[],"class_list":["post-6225","post","type-post","status-publish","format-standard","has-post-thumbnail","hentry"],"_links":{"self":[{"href":"https:\/\/masiwa-comores.com\/json\/wp\/v2\/posts\/6225","targetHints":{"allow":["GET"]}}],"collection":[{"href":"https:\/\/masiwa-comores.com\/json\/wp\/v2\/posts"}],"about":[{"href":"https:\/\/masiwa-comores.com\/json\/wp\/v2\/types\/post"}],"author":[{"embeddable":true,"href":"https:\/\/masiwa-comores.com\/json\/wp\/v2\/users\/15"}],"replies":[{"embeddable":true,"href":"https:\/\/masiwa-comores.com\/json\/wp\/v2\/comments?post=6225"}],"version-history":[{"count":1,"href":"https:\/\/masiwa-comores.com\/json\/wp\/v2\/posts\/6225\/revisions"}],"predecessor-version":[{"id":6227,"href":"https:\/\/masiwa-comores.com\/json\/wp\/v2\/posts\/6225\/revisions\/6227"}],"wp:featuredmedia":[{"embeddable":true,"href":"https:\/\/masiwa-comores.com\/json\/wp\/v2\/media\/6226"}],"wp:attachment":[{"href":"https:\/\/masiwa-comores.com\/json\/wp\/v2\/media?parent=6225"}],"wp:term":[{"taxonomy":"category","embeddable":true,"href":"https:\/\/masiwa-comores.com\/json\/wp\/v2\/categories?post=6225"},{"taxonomy":"post_tag","embeddable":true,"href":"https:\/\/masiwa-comores.com\/json\/wp\/v2\/tags?post=6225"}],"curies":[{"name":"wp","href":"https:\/\/api.w.org\/{rel}","templated":true}]}}