{"id":6219,"date":"2021-08-16T11:05:31","date_gmt":"2021-08-16T08:05:31","guid":{"rendered":"https:\/\/masiwa-comores.com\/?p=6219"},"modified":"2021-08-17T08:57:30","modified_gmt":"2021-08-17T05:57:30","slug":"les-tests-pcr-explosent-avec-les-jeviens","status":"publish","type":"post","link":"https:\/\/masiwa-comores.com\/non-classe\/les-tests-pcr-explosent-avec-les-jeviens\/","title":{"rendered":"Les tests PCR explosent avec les Jeviens"},"content":{"rendered":"<p><strong><em>Le test PCR reste un outil privil\u00e9gi\u00e9 pour limiter l&#8217;entr\u00e9e sur un territoire de voyageurs porteurs du virus de la covid-19. Depuis la fin du mois de juillet, les Jeviens sur le point de repartir des Comores, d\u00e9sireux de se faire tester, se ruent dans les locaux du programme national de\u00a0lutte\u00a0contre le paludisme. <\/em><\/strong><em>Par\u00a0<\/em><em>Hachim Mohamed<\/em><\/p>\n<p><strong><em>Pour faire face \u00e0 cette hausse des besoins, le gouvernement ne se donne pas vraiment les moyens pour y faire face. Il n\u2019estime pas n\u00e9cessaire d\u2019ouvrir un deuxi\u00e8me centre \u00e0 Moroni, malgr\u00e9 le temps d\u2019attente.<\/em><\/strong><\/p>\n<p>Depuis la crise sanitaire de la covid-19, les fins des mois de juillet et d\u2019ao\u00fbt, ainsi que le d\u00e9but du mois de septembre c\u2019est la ru\u00e9e vers les tests PCR, exig\u00e9s par certains pays comme la France pour prendre l\u2019avion. Les \u00e9normes flux d\u2019entr\u00e9e et de sortie de Jeviens et autres voyageurs d\u00e9sireux de se faire tester g\u00e9n\u00e8rent parfois de longues files d&#8217;attente, comme Masiwa a pu le constater ce jeudi 12 ao\u00fbt au matin dans les locaux du programme national de lutte contre le paludisme de Ngazidja.<\/p>\n<p>Le nombre de candidats au d\u00e9part qui \u00e9tait de 300 personnes par jour dans la premi\u00e8re vague de la pand\u00e9mie, a doubl\u00e9, voire tripl\u00e9 en cette p\u00e9riode o\u00f9 il y a une forte circulation de variants du virus dans des pays class\u00e9s rouges.<\/p>\n<p><strong>Le temps d&#8217;attente a beaucoup augment\u00e9.<\/strong><\/p>\n<p>Dans la cour du Programme national de Lutte contre le Paludisme, la voix d\u2019une dame au m\u00e9gaphone sort d\u2019un local o\u00f9 les professionnels de sant\u00e9 s\u2019affairent pour les \u00e9chantillonnages, les pr\u00e9l\u00e8vements et le conditionnement des \u00e9chantillons.<\/p>\n<p>Devant les \u00ab candidats au PCR \u00bb, tour \u00e0 tour elle crie les noms de ceux qui attendent impatiemment. Pour ces compatriotes qui arrivent sur les lieux les uns en famille, les autres individuellement, le climat ambiant est marqu\u00e9 par les enfants des Jeviens qui se distinguent par leur accent.<\/p>\n<p>\u00ab Je suis l\u00e0 depuis 10 heures. Je suis fatigu\u00e9 d\u2019attendre et je n\u2019ai pas envie de parler. Il faut essayer de demander aux autres personnes qui sont aussi sur place \u00bb, fait savoir Hassani Abdou, interrog\u00e9 par Masiwa. Un autre Jeviens, qui a \u00e9t\u00e9 abord\u00e9 sur le m\u00eame sujet, avait promis de bien vouloir r\u00e9pondre aux questions apr\u00e8s son test, mais \u00e0 la grande surprise comme le premier nomm\u00e9 il s\u2019est engouffr\u00e9 dans sa voiture, une fois le test PCR effectu\u00e9 et a quitt\u00e9 les lieux apr\u00e8s de longues heures d\u2019attente.<\/p>\n<p>Avec la reprise des d\u00e9placements vers la France, le laboratoire de l\u2019INRAPE, qui est le seul habilit\u00e9 \u00e0 valider les tests PCR, a-t-il les capacit\u00e9s suffisantes pour faire face \u00e0 cet afflux de voyageurs, plus pr\u00e9cis\u00e9ment \u00e0 l\u2019augmentation de la demande de tests PCR\u00a0? \u00c0 observer les va-et-vient et le temps d\u2019attente devant le b\u00e2timent du Programme national de Lutte contre le Paludisme, l\u2019INRAPE remplit difficilement sa mission.<\/p>\n<p><strong>Un s\u00e9same cher pour voyager.<\/strong><\/p>\n<p>La plupart des pays du monde exigent de montrer le r\u00e9sultat d&#8217;un test PCR coronavirus n\u00e9gatif pour entrer sur leur territoire. Les Jeviens retournant en France doivent pr\u00e9senter un r\u00e9sultat n\u00e9gatif de test PCR effectu\u00e9 72 heures avant leur d\u00e9part pour les Comores. Par cons\u00e9quent les voyageurs non vaccin\u00e9s qui partent des Comores doivent pr\u00e9senter un r\u00e9sultat n\u00e9gatif de test PCR avant de prendre leur avion. Ce test virologique et nasopharyng\u00e9 permet de d\u00e9terminer si vous \u00eates porteur ou non du coronavirus, m\u00eame si vous \u00eates asymptomatique.<\/p>\n<p>Cependant, la facture pour ces tests peut s\u2019av\u00e9rer sal\u00e9e, notamment lorsque l\u2019on voyage en famille, comme s\u2019en sont rendu compte les p\u00e8res et m\u00e8res Jeviens, qui retourneront dans la semaine dans leur pays de r\u00e9sidence avec leurs enfants. Aucune remise n\u2019est faite pour les enfants.<\/p>\n<p>\u00ab Imaginez une personne qui doit voyager avec sa famille et qui doit payer plusieurs tests. Au pays, 60\u20ac par personne plus les taxes. Donc si vous \u00eates cinq, il faut d\u00e9j\u00e0 comptabiliser autour de 300\u20ac. C\u2019est une somme colossale par rapport aux diff\u00e9rents investissements qu\u2019on fait pour pouvoir voyager, passer les vacances\u00a0\u00bb, explique une m\u00e8re sous couvert de l\u2019anonymat.<\/p>\n<p><strong>Besoin de capacit\u00e9s de pr\u00e9l\u00e8vement et d&#8217;analyse<\/strong><\/p>\n<p>Heureusement, selon la classification internationale, les Comores sont class\u00e9es parmi les pays \u00ab\u00a0Verts\u00a0\u00bb, les pays o\u00f9 aucune circulation active du virus n\u2019est observ\u00e9e et aucun variant pr\u00e9occupant n\u2019est recens\u00e9. Il y a donc tr\u00e8s peu de candidats au voyage qui sont positifs et qui sont oblig\u00e9s de recommencer la semaine suivante, comme ce fut le cas il y a quelques mois.<\/p>\n<p>Dans un contexte de mont\u00e9e de la pand\u00e9mie au niveau mondial nul ne conna\u00eet les besoins futurs du pays en tests PCR. Mais, pour le moment, pour faciliter le d\u00e9part des membres de la diaspora vers leurs lieux de vie, les autorit\u00e9s se doivent donc d\u2019envisager le d\u00e9veloppement des capacit\u00e9s de pr\u00e9l\u00e8vement et d&#8217;analyse mises en place et surtout s&#8217;engager \u00e0 fournir aux voyageurs leurs r\u00e9sultats dans un d\u00e9lai tr\u00e8s court.<\/p>\n<p>\u00c0 en croire le porte-parole du gouvernement, le ministre de l\u2019\u00c9conomie Houmed Msaidi\u00e9, le pays va se doter sous peu d\u2019autres moyens logistiques pour faire face au flux des demandes de tests PCR, mais il n\u2019est pas question d\u2019ouvrir un deuxi\u00e8me centre de d\u00e9pistage \u00e0 Moroni. Pour lui, c\u2019est inutile puisque c\u2019est un afflux momentan\u00e9 d\u00fb \u00e0 l\u2019arriv\u00e9e des Jeviens.<\/p>\n<h3><span style=\"color: #000080;\"><strong>Extraits du compte rendu du Conseil des ministres du 11 ao\u00fbt 2021<\/strong><\/span><\/h3>\n<p>Pour Houmed Msaidi\u00e9, le Gouvernement n\u2019envisage pas de moyens suppl\u00e9mentaires pour d\u00e9sengorger le seul laboratoire qui effectue les tests PCR, par contre il envisage la vaccination de toute la population d\u2019ici novembre 2021.<\/p>\n<p>\u00ab\u00a0La derni\u00e8re question concerne la covid-19. Comme vous le savez, des vaccins suppl\u00e9mentaires sont arriv\u00e9s des \u00c9mirats arabes unis qui nous permettent de vacciner rapidement vers octobre ou novembre peut-\u00eatre tous les Comoriens\u2026 Cela pour dire que nous devons tous \u00eatre patients envers les mesures prises puisque quand tout le monde sera vaccin\u00e9 comme l\u2019a dit le pr\u00e9sident avant-hier pendant le muharam alors nous pourrons revenir \u00e0 la vie habituelle que nous avions avant. Alors non seulement nous devons tous aller nous vacciner, mais le gouvernement a d\u00e9j\u00e0 d\u00e9cid\u00e9 de terminer toutes les doses qui restent pour que d\u2019ici novembre tous les Comoriens soient vaccin\u00e9s (\u2026)\u00a0\u00bb<\/p>\n<p><strong>\u00c0 une question de la journaliste, Faiza Soul\u00e9 Youssouf, le Porte-parole du gouvernement ajoute\u00a0: <\/strong><\/p>\n<p>\u00ab\u00a0\u2026 il y a un flux tendu c\u2019est tout simplement parce que beaucoup de nos compatriotes qui r\u00e9sident en France sont sur place, ce qui fait que le centre est d\u00e9pass\u00e9 peut-\u00eatre d\u2019une certaine fa\u00e7on. Mais, le probl\u00e8me d\u2019avoir plusieurs centres ne se pose pas. Il pourrait \u00e9ventuellement se poser ce mois-ci \u00e0 cause de la pr\u00e9sence massive de nos compatriotes qui viennent de France. C\u2019est \u00e7a la raison, c\u2019est tout. Mais, on a d\u00e9j\u00e0 dispos\u00e9 des PCR \u00e0 Anjouan et \u00e0 Moh\u00e9li (\u2026) Cr\u00e9er un deuxi\u00e8me centre pour le plaisir de le cr\u00e9er, non. On le cr\u00e9e par n\u00e9cessit\u00e9, la n\u00e9cessit\u00e9 veut que ce centre suffise sauf en cette p\u00e9riode sp\u00e9ciale.\u00a0\u00bb<\/p>\n","protected":false},"excerpt":{"rendered":"<p>Le test PCR reste un outil privil\u00e9gi\u00e9 pour limiter l&#8217;entr\u00e9e sur un territoire de voyageurs porteurs du virus de la covid-19. Depuis la fin du mois de juillet, les Jeviens sur le point de repartir des Comores, d\u00e9sireux de se faire tester, se ruent dans les locaux du programme national de\u00a0lutte\u00a0contre le paludisme. Par\u00a0Hachim Mohamed [&hellip;]<\/p>\n","protected":false},"author":15,"featured_media":6220,"comment_status":"open","ping_status":"open","sticky":false,"template":"","format":"standard","meta":{"footnotes":""},"categories":[],"tags":[],"class_list":["post-6219","post","type-post","status-publish","format-standard","has-post-thumbnail","hentry"],"_links":{"self":[{"href":"https:\/\/masiwa-comores.com\/json\/wp\/v2\/posts\/6219","targetHints":{"allow":["GET"]}}],"collection":[{"href":"https:\/\/masiwa-comores.com\/json\/wp\/v2\/posts"}],"about":[{"href":"https:\/\/masiwa-comores.com\/json\/wp\/v2\/types\/post"}],"author":[{"embeddable":true,"href":"https:\/\/masiwa-comores.com\/json\/wp\/v2\/users\/15"}],"replies":[{"embeddable":true,"href":"https:\/\/masiwa-comores.com\/json\/wp\/v2\/comments?post=6219"}],"version-history":[{"count":1,"href":"https:\/\/masiwa-comores.com\/json\/wp\/v2\/posts\/6219\/revisions"}],"predecessor-version":[{"id":6221,"href":"https:\/\/masiwa-comores.com\/json\/wp\/v2\/posts\/6219\/revisions\/6221"}],"wp:featuredmedia":[{"embeddable":true,"href":"https:\/\/masiwa-comores.com\/json\/wp\/v2\/media\/6220"}],"wp:attachment":[{"href":"https:\/\/masiwa-comores.com\/json\/wp\/v2\/media?parent=6219"}],"wp:term":[{"taxonomy":"category","embeddable":true,"href":"https:\/\/masiwa-comores.com\/json\/wp\/v2\/categories?post=6219"},{"taxonomy":"post_tag","embeddable":true,"href":"https:\/\/masiwa-comores.com\/json\/wp\/v2\/tags?post=6219"}],"curies":[{"name":"wp","href":"https:\/\/api.w.org\/{rel}","templated":true}]}}