{"id":5558,"date":"2021-03-22T00:20:27","date_gmt":"2021-03-21T21:20:27","guid":{"rendered":"https:\/\/masiwa-comores.com\/?p=5558"},"modified":"2021-03-22T14:37:46","modified_gmt":"2021-03-22T11:37:46","slug":"said-ahmed-said-omar-il-a-marque-lhistoire-par-son-parcours-exceptionnel","status":"publish","type":"post","link":"https:\/\/masiwa-comores.com\/non-classe\/said-ahmed-said-omar-il-a-marque-lhistoire-par-son-parcours-exceptionnel\/","title":{"rendered":"Said Ahmed Said Omar : \u00ab Il a marqu\u00e9 l&#8217;histoire par son parcours exceptionnel \u00bb."},"content":{"rendered":"<p><strong>Said Mohamed Cheikh est mort le 16 mars 1970. Les proches comm\u00e9morent sa disparition chaque ann\u00e9e depuis cinquante et un ans. Le Dr Said Ahmed Said Omar, m\u00e9decin et petit neveu de Cheikh est parmi les Comoriens les plus passionn\u00e9s par la vie de l\u2019ancien pr\u00e9sident du Conseil de Gouvernement. C\u2019est un fin connaisseur de la vie de l\u2019homme politique et d\u2019ailleurs il se d\u00e9signe lui-m\u00eame comme un \u00ab Cheikhologue \u00bb.\u00a0<\/strong><em>Propos recueillis par Natidja Hamidou<\/em><\/p>\n<p><strong>Masiwa &#8211; Quelles sont les comm\u00e9morations qui ont \u00e9t\u00e9 organis\u00e9es pour les cinquante et un ans de la disparition de Said Mohamed Cheikh\u00a0? <\/strong><\/p>\n<p><strong>Said Ahmed Said Omar &#8211; <\/strong>Compte tenu des circonstances et de la situation sanitaire covid-19, la comm\u00e9moration physique \u00e0 son mausol\u00e9e n&#8217;a pas eu lieu. Ce fut une comm\u00e9moration spirituelle par tous celles et ceux qui ont voulu prier pour lui en lisant la sourate Ya-sin dans leurs foyers. J&#8217;ai \u00e9galement constat\u00e9 que le journal national Al-watwan n&#8217;a pas d\u00e9rog\u00e9 \u00e0 sa tradition en lui rendant hommage cette ann\u00e9e comme chaque ann\u00e9e d&#8217;ailleurs. Beit Salam pour la premi\u00e8re fois a publi\u00e9 un communiqu\u00e9 laconique sur son 51<sup>e<\/sup> anniversaire de sa disparition. Sinon ce qui m&#8217;a le plus surpris ce sont les r\u00e9seaux sociaux qui ont partag\u00e9 cette ann\u00e9e plus de 450 fois un vieil article ainsi que des photos que j&#8217;ai publi\u00e9s il y a un an.<\/p>\n<p><strong>Masiwa &#8211; Est-ce qu&#8217;il y a eu moins de comm\u00e9morations dans les villes et dans les m\u00e9dias comoriens ces derni\u00e8res ann\u00e9es\u00a0? <\/strong><\/p>\n<p><strong>S.A.S.O. &#8211; <\/strong>Les comm\u00e9morations du 16 mars ont toujours eu lieu que ce soit d\u2019une part par ses amis, fid\u00e8les politiques ou sa famille en allant se recueillir \u00e0 son mausol\u00e9e sauf bien s\u00fbr cette ann\u00e9e \u00e9tant donn\u00e9 la crise sanitaire\u00a0; et d\u2019autres part les journaux, la radio et t\u00e9l\u00e9vision nationaux le font aussi, sans oublier les villes de Moroni et Mitsamihuli qui lui rendent hommage chaque ann\u00e9e dans les mosqu\u00e9es le 8<sup>e<\/sup> jour de Muharam du calendrier de l&#8217;h\u00e9gire.<\/p>\n<p><strong>Masiwa &#8211; En tant que petit neveu, qu\u2019est ce qui pour vous est la plus grande \u0153uvre de Sa\u00efd Mohamed Cheikh\u00a0? <\/strong><\/p>\n<p><strong>S.A.S.O. &#8211; <\/strong>Je ne pense pas parler ici comme petit-neveu du pr\u00e9sident Cheikh, car d&#8217;autres sont plus \u00e0 m\u00eame de parler de lui, ses enfants, son gendre ou son neveu mon p\u00e8re qui est aujourd&#8217;hui le patriarche de la famille. Je parle ici en tant que \u00ab\u00a0cheikhologue\u00a0\u00bb si je puis m&#8217;exprimer ainsi. Je m&#8217;int\u00e9resse \u00e0 son \u0153uvre, mais aussi les \u0153uvres, le parcours de beaucoup d&#8217;hommes politiques qui ont marqu\u00e9 l&#8217;histoire des Comores comme cheikh Ahmed Kamaridine de Mbeni. La plus grande \u0153uvre, il y en a beaucoup. L&#8217;acte fondateur de l&#8217;\u00c9tat comorien en le d\u00e9tachant de Madagascar, le statut \u00e9volutif de l&#8217;autonomie interne vers l&#8217;Ind\u00e9pendance, la scolarisation des filles rendue obligatoire, la r\u00e9forme du grand mariage, la cr\u00e9ation d&#8217;une fonction publique comorienne et la comorianisation des cadres, etc., la lutte pour la reconnaissance et le respect de la personnalit\u00e9 comorienne dans le monde.<\/p>\n<p><strong>Masiwa &#8211; Pourquoi les Comoriens doivent se souvenir de lui\u00a0? <\/strong><\/p>\n<p><strong>S.A.S.O. &#8211; <\/strong>Les Comoriens doivent se souvenir de lui comme mod\u00e8le \u00e0 suivre pour leurs enfants. Il a \u00e9t\u00e9 le premier en tout. Premier \u00e9tudiant, premier m\u00e9decin, premier d\u00e9put\u00e9, premier pr\u00e9sident comme l\u2019a rappel\u00e9 le ministre des Affaires \u00e9trang\u00e8res malgache, Jacques Rabemananjara \u00e0 son \u00e9loge fun\u00e8bre. Si les Comores avaient cent hommes politiques comme le pr\u00e9sident Cheikh, on n\u2019en serait pas l\u00e0.<\/p>\n<p><strong>Masiwa &#8211; En quoi cette personnalit\u00e9 a, selon vous, marqu\u00e9 l\u2019histoire des Comores\u00a0? <\/strong><\/p>\n<p><strong>S.A.S.O. &#8211; <\/strong>Il a marqu\u00e9 l&#8217;histoire par son parcours exceptionnel. D&#8217;abord sur le plan professionnel et puis politique durant vingt-cinq ans non-stop. Je terminerai par citer monsieur Said Toihir, ancien commissaire de police de Singani et ami proche du pr\u00e9sident Cheikh, qui a compos\u00e9 un requiem en hommage au pr\u00e9sident Cheikh disant que les Comores ne t&#8217;ont pas donn\u00e9 naissance, mais c&#8217;est bien toi qui a donn\u00e9 naissance \u00e0 ce pays.<\/p>\n<p>Lire \u00e9galement : <a href=\"https:\/\/masiwa-comores.com\/16-mars-1970-said-mohamed-cheikh-et-soudain-la-nation-devint-orpheline\/\">16 mars 1970. Sa\u00efd Mohamed Cheikh. Et la nation devint orpheline.<\/a><\/p>\n<p>&nbsp;<\/p>\n","protected":false},"excerpt":{"rendered":"<p>Said Mohamed Cheikh est mort le 16 mars 1970. Les proches comm\u00e9morent sa disparition chaque ann\u00e9e depuis cinquante et un ans. Le Dr Said Ahmed Said Omar, m\u00e9decin et petit neveu de Cheikh est parmi les Comoriens les plus passionn\u00e9s par la vie de l\u2019ancien pr\u00e9sident du Conseil de Gouvernement. C\u2019est un fin connaisseur de [&hellip;]<\/p>\n","protected":false},"author":15,"featured_media":5559,"comment_status":"open","ping_status":"open","sticky":false,"template":"","format":"standard","meta":{"footnotes":""},"categories":[],"tags":[],"class_list":["post-5558","post","type-post","status-publish","format-standard","has-post-thumbnail","hentry"],"_links":{"self":[{"href":"https:\/\/masiwa-comores.com\/json\/wp\/v2\/posts\/5558","targetHints":{"allow":["GET"]}}],"collection":[{"href":"https:\/\/masiwa-comores.com\/json\/wp\/v2\/posts"}],"about":[{"href":"https:\/\/masiwa-comores.com\/json\/wp\/v2\/types\/post"}],"author":[{"embeddable":true,"href":"https:\/\/masiwa-comores.com\/json\/wp\/v2\/users\/15"}],"replies":[{"embeddable":true,"href":"https:\/\/masiwa-comores.com\/json\/wp\/v2\/comments?post=5558"}],"version-history":[{"count":3,"href":"https:\/\/masiwa-comores.com\/json\/wp\/v2\/posts\/5558\/revisions"}],"predecessor-version":[{"id":5572,"href":"https:\/\/masiwa-comores.com\/json\/wp\/v2\/posts\/5558\/revisions\/5572"}],"wp:featuredmedia":[{"embeddable":true,"href":"https:\/\/masiwa-comores.com\/json\/wp\/v2\/media\/5559"}],"wp:attachment":[{"href":"https:\/\/masiwa-comores.com\/json\/wp\/v2\/media?parent=5558"}],"wp:term":[{"taxonomy":"category","embeddable":true,"href":"https:\/\/masiwa-comores.com\/json\/wp\/v2\/categories?post=5558"},{"taxonomy":"post_tag","embeddable":true,"href":"https:\/\/masiwa-comores.com\/json\/wp\/v2\/tags?post=5558"}],"curies":[{"name":"wp","href":"https:\/\/api.w.org\/{rel}","templated":true}]}}