{"id":4661,"date":"2019-12-28T09:45:20","date_gmt":"2019-12-28T06:45:20","guid":{"rendered":"https:\/\/masiwa-comores.com\/?p=4661"},"modified":"2019-12-28T16:54:24","modified_gmt":"2019-12-28T13:54:24","slug":"hadamhamed-kd-une-agression-inacceptable-des-comores","status":"publish","type":"post","link":"https:\/\/masiwa-comores.com\/non-classe\/hadamhamed-kd-une-agression-inacceptable-des-comores\/","title":{"rendered":"Mhamed Khadad : \u00ab une agression inacceptable des Comores \u00bb"},"content":{"rendered":"<p>Pr\u00e9sident de la Commission des Relations ext\u00e9rieures du Front Polisario<\/p>\n<p>&nbsp;<\/p>\n<p><strong>Masiwa &#8211; Le gouvernement comorien vient, \u00e0 la demande du gouvernement marocain d\u2019ouvrir un consulat g\u00e9n\u00e9ral dans la ville de Laayoune au Sahara occidental, qu\u2019elle est votre r\u00e9action ?<\/strong><\/p>\n<p>Effectivement, c\u2019est \u00e0 la demande du gouvernement marocain parce que les Comores n\u2019ont ni int\u00e9r\u00eats \u00e9conomiques ni int\u00e9r\u00eats sociaux ni membres de la communaut\u00e9 des Comores r\u00e9sidant au Sahra occidental. Donc c\u2019est une demande qui a \u00e9t\u00e9 faite par le Maroc, qui a servi les desseins du Maroc alors que le Sahara Occidental est un territoire non autonome pour le moment. Son statut est tr\u00e8s clair et en m\u00eame temps c\u2019est un pays membre de l\u2019Union africaine qui si\u00e8ge aux c\u00f4t\u00e9s des Comores. C\u2019est une violation flagrante du droit international, du statut d\u2019un territoire non autonome mais \u00e9galement c\u2019est un geste d\u2019agression, un geste inamical vis-\u00e0-vis d\u2019un pays, la R\u00e9publique arabe sahraouie d\u00e9mocratique (RASD), membre de l\u2019Union africaine.<\/p>\n<p>&nbsp;<\/p>\n<p><strong>Masiwa &#8211; Est-ce les Comores sont le seul pays qui a install\u00e9 une repr\u00e9sentation diplomatique au Sahara occidental ?<\/strong><\/p>\n<p>Oui, officiellement c\u2019est le seul pays qui est install\u00e9. Mais, bien entendu, le Maroc fera tout avec l\u2019argent pour essayer de corrompre un certain nombre de petits pays qui n\u2019ont ni \u00e2me ni conscience et dont les r\u00e9gimes sont aux bottes de ceux qui les gavent d\u2019argent. Le Maroc en trouvera des pays pour servir de mercenaires de la sorte.<\/p>\n<p>&nbsp;<\/p>\n<p><strong>Masiwa &#8211; Il semble que la C\u00f4te d\u2019Ivoire a install\u00e9 un consul honoraire, un entrepreneur sahraoui\u00a0?<\/strong><\/p>\n<p>Oui, effectivement, mais c\u2019est diff\u00e9rent de la mise en sc\u00e8ne des Comores.<\/p>\n<p>&nbsp;<\/p>\n<p><strong>Masiwa &#8211; En quoi ce consulat g\u00e9n\u00e9ral des Comores est un acte grave au regard du droit international ?<\/strong><\/p>\n<p>C\u2019est un acte grave au regard du droit international parce qu\u2019il viole le statut du Sahara occidental en tant que territoire non autonome, dont le statut est diff\u00e9rent et s\u00e9par\u00e9 du territoire du Maroc. C\u2019est ce qu\u2019a reconnu la Cour Internationale de Justice en 1975 mais aussi la Cour europ\u00e9enne de Justice dans ses actes de 2015, 2016, 2018.<\/p>\n<p>&nbsp;<\/p>\n<p>c\u2019est quoi le Sahara occidental<\/p>\n<p>Le Sahara occidental reste l\u2019un des derniers territoires non autonomes, 17 territoires non autonomes sur la liste des Nations Unies qui doivent \u00eatre d\u00e9colonis\u00e9s. Donc c\u2019est un manquement et une violation du droit international gravissime et un pr\u00e9c\u00e9dent tr\u00e8s f\u00e2cheux. C\u2019est pourquoi nous avons r\u00e9agi et d\u2019autres pays vont r\u00e9agir. Nous avons \u00e9crit aux Nations unies et \u00e0 l\u2019Union africaine pour condamner cette agression inacceptable des Comores. Les Comores feraient mieux de d\u00e9fendre leur propre int\u00e9grit\u00e9 territoriale que de s\u2019immiscer dans une affaire aussi lointaine. Normalement, les petits pays comme les Comores doivent d\u00e9fendre les autres petits pays au lieu d\u2019\u00eatre \u00e0 la solde des pays expansionnistes comme le Maroc. Parce que le Maroc, il faut le rappeler c\u2019est un pays expansionniste qui a des revendications territoriales sur tous ses voisins.<\/p>\n<p>&nbsp;<\/p>\n<p>C\u2019est quoi le Front Polisario<\/p>\n<p>Le FP c\u2019est le Front populaire de Lib\u00e9ration de la Saguia el Hamra et du Rio de Oro. Ce sont des lieux du Sahara occidental, les deux parties, nord et sud. Il a \u00e9t\u00e9 fond\u00e9 le 10 mai 1973 au SO. Il a combattu la colonisation espagnole entre 1973 et 1975. En 1975, l\u2019Espagne a failli a ses responsabilit\u00e9, elle a partag\u00e9 le territoire entre le Maroc et la Mauritanie. Et d\u2019ailleurs \u00e7a montre la faiblesse de la th\u00e8se marocaine parce qu\u2019il a accept\u00e9 de partager le territoire avec la Mauritanie. Si c\u2019\u00e9tait vraiment son territoire, il ne l\u2019aurait pas fait. En 1979, la Mauritanie s\u2019est retir\u00e9e du territoire apr\u00e8s avoir sign\u00e9 un accord de paix avec le Front Polisario.<\/p>\n<p>&nbsp;<\/p>\n<p>C\u2019est quoi la RASD ?<\/p>\n<p>LA RASD c\u2019est l\u2019expression de la volont\u00e9 du peuple sahraoui au moment o\u00f9 l\u2019Espagne s\u2019est retir\u00e9e, la souverainet\u00e9 n\u2019appartient pas \u00e0 l\u2019Espagne, elle appartient au peuple sahraoui. Et comme l\u2019Espagne s\u2019est retir\u00e9e le 27 f\u00e9vrier, le m\u00eame jour pour ne pas qu\u2019il y ait de vide juridique nous avons proclam\u00e9 la RASD qui est membre fondateur de l\u2019Union africaine, qui si\u00e8ge au niveau de l\u2019UA depuis 1984 (\u2026) Nous luttons pour \u00eatre membre des Nations unies.<\/p>\n<p>5\/ Le pr\u00e9sident du Sahara Occidental, Brahim Ghali a affirm\u00e9 : \u00ab On prendra toutes les mesures pour obliger les Comores \u00e0 revenir sur leur d\u00e9cision&#8221;. Qu\u2019est-ce qu\u2019il voulait dire ? Est-ce qu\u2019il envisage de faire la guerre aux Comores ?<\/p>\n<p>Ce sont des mesures qui peuvent \u00eatre prises au niveau de l\u2019Union africaine, des Nations unies, donc l\u00e9gales, politiques et diplomatiques pour que les C reviennent sur cette d\u00e9cision inamicale vis-\u00e0-vis d\u2019un pays arabe et musulman comme les Comores. C\u2019est une honte pour les C de servir de sous-fifres pour les ambitions coloniales du Maroc, alors que personne ne veut le faire, ce sont les Comores qui prennent la t\u00eate de cette agression manifeste et de cette violation de la souverainet\u00e9 du peuple du Sahara occidental.<\/p>\n<p>Propos recueillis par Mahmoud Ibrahime<\/p>\n","protected":false},"excerpt":{"rendered":"<p>Pr\u00e9sident de la Commission des Relations ext\u00e9rieures du Front Polisario &nbsp; Masiwa &#8211; Le gouvernement comorien vient, \u00e0 la demande du gouvernement marocain d\u2019ouvrir un consulat g\u00e9n\u00e9ral dans la ville de Laayoune au Sahara occidental, qu\u2019elle est votre r\u00e9action ? Effectivement, c\u2019est \u00e0 la demande du gouvernement marocain parce que les Comores n\u2019ont ni int\u00e9r\u00eats [&hellip;]<\/p>\n","protected":false},"author":15,"featured_media":4662,"comment_status":"open","ping_status":"open","sticky":false,"template":"","format":"standard","meta":{"footnotes":""},"categories":[],"tags":[],"class_list":["post-4661","post","type-post","status-publish","format-standard","has-post-thumbnail","hentry"],"_links":{"self":[{"href":"https:\/\/masiwa-comores.com\/json\/wp\/v2\/posts\/4661","targetHints":{"allow":["GET"]}}],"collection":[{"href":"https:\/\/masiwa-comores.com\/json\/wp\/v2\/posts"}],"about":[{"href":"https:\/\/masiwa-comores.com\/json\/wp\/v2\/types\/post"}],"author":[{"embeddable":true,"href":"https:\/\/masiwa-comores.com\/json\/wp\/v2\/users\/15"}],"replies":[{"embeddable":true,"href":"https:\/\/masiwa-comores.com\/json\/wp\/v2\/comments?post=4661"}],"version-history":[{"count":3,"href":"https:\/\/masiwa-comores.com\/json\/wp\/v2\/posts\/4661\/revisions"}],"predecessor-version":[{"id":4683,"href":"https:\/\/masiwa-comores.com\/json\/wp\/v2\/posts\/4661\/revisions\/4683"}],"wp:featuredmedia":[{"embeddable":true,"href":"https:\/\/masiwa-comores.com\/json\/wp\/v2\/media\/4662"}],"wp:attachment":[{"href":"https:\/\/masiwa-comores.com\/json\/wp\/v2\/media?parent=4661"}],"wp:term":[{"taxonomy":"category","embeddable":true,"href":"https:\/\/masiwa-comores.com\/json\/wp\/v2\/categories?post=4661"},{"taxonomy":"post_tag","embeddable":true,"href":"https:\/\/masiwa-comores.com\/json\/wp\/v2\/tags?post=4661"}],"curies":[{"name":"wp","href":"https:\/\/api.w.org\/{rel}","templated":true}]}}