{"id":4514,"date":"2019-11-30T12:33:33","date_gmt":"2019-11-30T09:33:33","guid":{"rendered":"https:\/\/masiwa-comores.com\/?p=4514"},"modified":"2019-12-02T20:36:08","modified_gmt":"2019-12-02T17:36:08","slug":"conferences-des-partenaires-au-developpement-des-comores-lheure-de-verite","status":"publish","type":"post","link":"https:\/\/masiwa-comores.com\/non-classe\/conferences-des-partenaires-au-developpement-des-comores-lheure-de-verite\/","title":{"rendered":"Conf\u00e9rences des partenaires au d\u00e9veloppement des Comores, L\u2019heure de v\u00e9rit\u00e9\u2026"},"content":{"rendered":"<p><strong>5 Milliards de dollars. C\u2019est le montant des fonds que les autorit\u00e9s comoriennes souhaitent lev\u00e9s lors de la conf\u00e9rence des partenaires au d\u00e9veloppement des Comores qui se tient \u00e0 Paris, les 2 et 3 d\u00e9cembre. C\u2019est le grand rendez-vous de l\u2019ann\u00e9e. Et probablement celui du mandat du pr\u00e9sident Azali. Il suffit de constater tout le bruit m\u00e9diatique entourant cet \u00e9v\u00e9nement pour s\u2019en convaincre. Apr\u00e8s trois ann\u00e9es \u00e0 chanter et danser, un peu comme la cigale de la fable de La Fontaine, le pr\u00e9sident Azali Assoumani\u00a0 semble, enfin, se r\u00e9veiller.\u00a0 Il part \u00e0 la rencontre des magnats de la finance mondiale pour esp\u00e9rer les convaincre de venir investir dans l\u2019archipel. Quels sont les strat\u00e9gies et les arguments que vont d\u00e9ploy\u00e9s les tenants du pouvoir pour s\u00e9duire de nouveaux investisseurs \u00e0 venir dans nos \u00eeles ? Cette rencontre qui se tient sur fond d\u2019un climat politique tendu dans l\u2019archipel laisse dubitatifs un certain nombre d\u2019observateurs. <\/strong><em>Par\u00a0Fa\u00efssoili Abdou<\/em><\/p>\n<p>[ihc-hide-content ihc_mb_type=&#8221;show&#8221; ihc_mb_who=&#8221;2,3,4,5,6,9&#8243; ihc_mb_template=&#8221;1&#8243; ]<\/p>\n<p>Accompagn\u00e9 par une forte d\u00e9l\u00e9gation, le chef de l\u2019Etat se trouve \u00e0 Paris depuis ce vendredi 29 novembre dans le cadre de l\u2019organisation de la \u00ab\u00a0conf\u00e9rence des partenaires au d\u00e9veloppement des Comores\u00a0\u00bb qui se tient dans la capitale fran\u00e7aise dimanche et lundi prochain. Un rendez-vous qui a fortement mobilis\u00e9 le gouvernement dont certains de ses membres ont sillonn\u00e9 ces derniers mois les grandes capitales des pays d\u2019Afrique, d\u2019Europe et du Moyen Orient pour les inviter \u00e0 prendre part \u00e0 cette rencontre hautement \u00e9conomique visant \u00e0 mobiliser les fonds n\u00e9cessaires au financement du \u00ab\u00a0Plan Comores \u00e9mergent\u00a0\u00bb (PCE) cher au pr\u00e9sident Azali. Ce document imagin\u00e9 et \u00e9labor\u00e9 avec l\u2019aide des experts de la Banque mondiale, du Pnud et des experts locaux d\u00e9taille \u00ab\u00a0les id\u00e9es phares, les projets d\u2019envergure qui seront les moteurs de la transformation structurelle de notre \u00e9conomie qu\u2019exige la voie de l\u2019\u00e9mergence\u00a0\u00bb, explique sobrement le pr\u00e9sident Azali sur le site web d\u00e9di\u00e9 \u00e0 cette conf\u00e9rence.<\/p>\n<p>Le Chef de l\u2019Etat qui s\u2019est longuement confi\u00e9 cette semaine \u00e0 nos confr\u00e8res de <em>Jeune Afrique<\/em> a d\u00e9velopp\u00e9 les motivations qui soutiennent son projet. \u00ab\u00a0Depuis 20 ans, les Comores jouissent d\u2019une certaine stabilit\u00e9 politique. Cette stabilit\u00e9 doit \u00eatre renforc\u00e9e et, pour y parvenir, nous devons d\u00e9velopper notre pays de mani\u00e8re durable et moderne, am\u00e9liorer significativement la qualit\u00e9 de vie de la population, donner envie aux jeunes de s\u2019inscrire dans un v\u00e9ritable projet national o\u00f9 ils puissent trouver des perspectives d\u2019avenir. Apr\u00e8s mon \u00e9lection, j\u2019ai clairement fix\u00e9 le cap\u00a0: \u00c9mergence des Comores en 2030. Et lors que j\u2019ai rencontr\u00e9 le pr\u00e9sident Macron, en juillet, je lui ai demand\u00e9 si nous pouvions organiser cette conf\u00e9rence \u00e0 Paris pour r\u00e9unir les Bailleurs de fonds-la Banque mondiale, la Bad, l\u2019AFD, le Pnud notamment-et les op\u00e9rateurs du secteur priv\u00e9 susceptibles de nous accompagner dans cette d\u00e9marche. Il a tout de suite accept\u00e9, et je l\u2019en remercie\u00a0\u00bb, a-t-il d\u00e9clar\u00e9. Et de conclure tr\u00e8s enthousiaste\u00a0: \u00ab\u00a0Nous sommes d\u00e9sormais tr\u00e8s optimistes car nous connaissons notre potentiel\u00a0\u00bb.<\/p>\n<p>Un enthousiasme qui n\u2019est, pourtant pas, partag\u00e9 par tout le monde. A commencer par se adversaires politiques. \u00ab En r\u00e9alit\u00e9, ce qui int\u00e9resse Azali comme lors des Assises nationales qu\u2019il avait d\u00e9tourn\u00e9 et manipul\u00e9, c\u2019est de fermer les yeux de nos partenaires sur la situation de crise post-\u00e9lectorale et ses cons\u00e9quences sur l\u2019unit\u00e9, la stabilit\u00e9 et la paix aux Comores\u00a0\u00bb,\u00a0 croit savoir Sa\u00efd Larifou, Vice-pr\u00e9sident du Conseil national de transition (Cnt), un organe politique mis en place au lendemain de la r\u00e9\u00e9lection contest\u00e9e du pr\u00e9sident Azali en mars dernier.\u00a0 \u00ab\u00a0Je suis comme l\u2019\u00e9crasante majorit\u00e9 des Comoriens, qui sont fatigu\u00e9s et r\u00e9volt\u00e9s par les mensonges, les man\u0153uvres et les tromperies d\u2019Azali\u00a0\u00bb, a ajout\u00e9 cet ancien candidat aux \u00e9lections pr\u00e9sidentielles. Le leader du Ridja poursuit\u00a0: \u00ab\u00a0La priorit\u00e9 pour les Comores est de parvenir \u00e0 tenir une conf\u00e9rence internationale pour la paix et une vraie r\u00e9conciliation nationale et une alternance. La conf\u00e9rence des partenaires ou des bailleurs sera alors impuls\u00e9e par des autorit\u00e9s qui auront \u00e0 la fois la l\u00e9gitimit\u00e9 politique et une adh\u00e9sion de la classe politique et de la population, elle serait de ce fait inclusive\u00a0\u00bb. L\u2019avocat de formation s\u2019interroge sur les \u00ab\u00a0conditions et le cadre juridique dans lesquelles les apports des investisseurs et de nos partenaires pourraient \u00eatre utilis\u00e9s sans contr\u00f4le parlementaire et juridique sachant qu\u2019Azali a d\u00e9lib\u00e9r\u00e9ment emp\u00each\u00e9 le vote des lois des finances depuis trois exercices\u00a0\u00bb.\u00a0 Les forces politiques de la diaspora qui manifestent depuis 8 mois d\u00e9j\u00e0 dans les grandes villes de France menacent de boycotter cette conf\u00e9rence.\u00a0 Quoi qu\u2019il en soit, le r\u00e9gime en place part avec un grand optimisme dans cette rencontre qui se tiendra dans les locaux de la Banque mondiale \u00e0 Paris.<\/p>\n<p>Dans un m\u00e9morandum publi\u00e9 le 13 novembre dernier, les deux syndicats patronaux du pays, le Modec et la Nouvelle Opaco, ont souhait\u00e9 que le \u00ab\u00a0secteur priv\u00e9 comorien puisse trouver toute sa place et jouer pleinement le r\u00f4le qui est le sien\u00a0\u00bb dans cette conf\u00e9rence.\u00a0 \u00ab\u00a0La r\u00e9ussite effective du PCE demande un changement de paradigme et une volont\u00e9 r\u00e9elle d\u2019am\u00e9liorer la gouvernance \u00e9conomique. Cela n\u00e9cessite la mobilisation de l\u2019ensemble des forces vives du pays, notamment les acteurs de l\u2019\u00e9conomie r\u00e9elle, pour participer de mani\u00e8re inclusive avec l\u2019Etat \u00e0 la r\u00e9alisation des reformes structurelles n\u00e9cessaires pour relancer les investissements et la croissance \u00e9conomique\u00a0\u00bb, ont-ils soulign\u00e9. Les deux syndicats ont par ailleurs relev\u00e9 \u00ab\u00a0la perte totale de confiance du secteur priv\u00e9 envers le secteur public\u00a0\u00bb.\u00a0 Une situation qui r\u00e9sulterait du \u00ab\u00a0constat d\u2019une volont\u00e9 syst\u00e9matique des autorit\u00e9s de r\u00e9duire le champ d\u2019action du secteur priv\u00e9 national\u00a0\u00bb. R\u00e9ponse de Houmed Msaidie,\u00a0 ministre de l\u2019\u00e9conomie dans les colonnes de la Gazette des Comores et Alwatwan\u00a0. \u00ab\u00a0Les investissements internationaux ne peuvent pas se r\u00e9aliser aux Comores sans l\u2019implication effective du secteur priv\u00e9 national. Il peut bien \u00e9videment prendre part \u00e0 cette dynamique. Mais nous comptons bien le sensibiliser comme cela a \u00e9t\u00e9 fait r\u00e9cemment en Afrique du sud o\u00f9 on a r\u00e9uni le secteur priv\u00e9 local pour leur demander leur apport dans les cinq ans \u00e0 venir dans les investissements du pays\u00a0\u00bb. Un air de d\u00e9j\u00e0 entendu.<\/p>\n<p>Apr\u00e8s Maurice en 2005, avec ses 200 millions de dollars d\u2019engagements de la part des partenaires au d\u00e9veloppement, Doha en 2010 et ses 540 millions de dollars de promesses dont les autorit\u00e9s comoriennes n\u2019ont pu mobiliser qu\u2019une infime partie des sommes promises , cette fois-ci le gouvernement a choisi de mettre la barre tr\u00e8s haute. Les autorit\u00e9s de Moroni tablent sur un montant de pr\u00e8s de 5 milliards de dollars \u00e0 engranger lors de ce rendez-vous parisien. Trop ambitieux\u00a0? En tout cas, c\u2019est ce que craignent certains observateurs qui sp\u00e9culent d\u2019ores et d\u00e9j\u00e0 sur des r\u00e9sultats qui ne seront pas \u00e0 la hauteur des attentes.<\/p>\n<p>\u00ab\u00a0 La montagne risque d\u2019accoucher d\u2019une souris\u00a0\u00bb, lance un observateur expliquant que \u00ab l\u2019\u00e9tat actuel du pays n\u2019est pas propice \u00e0 des grands investissements\u00a0\u00bb. Le m\u00eame observateur pointe des \u00ab\u00a0choses contradictoires dans le Plan Comores Emergent\u00a0\u00bb dans lequel il n\u2019y aurait que \u00ab\u00a0des projets fantaisistes\u00a0\u00bb. Notre interlocuteur se demande pourquoi\u00a0 \u00ab\u00a0les autorit\u00e9s et les organisations comme la Banque mondiale et le Pnud ont d\u00e9cid\u00e9 de rel\u00e9guer aux oubliettes le document sur la strat\u00e9gie de croissance acc\u00e9l\u00e9r\u00e9e et de d\u00e9veloppement durable (SCAD2) qui contient les vrais besoins de l\u2019archipel au profit du PCE qui nous pr\u00e9sente surtout la construction de grands b\u00e2timents\u00a0\u00bb.<\/p>\n<p>L\u2019heure de la v\u00e9rit\u00e9 approche.<\/p>\n<p>[\/ihc-hide-content]<\/p>\n<p>&nbsp;<\/p>\n","protected":false},"excerpt":{"rendered":"<p>5 Milliards de dollars. C\u2019est le montant des fonds que les autorit\u00e9s comoriennes souhaitent lev\u00e9s lors de la conf\u00e9rence des partenaires au d\u00e9veloppement des Comores qui se tient \u00e0 Paris, les 2 et 3 d\u00e9cembre. C\u2019est le grand rendez-vous de l\u2019ann\u00e9e. Et probablement celui du mandat du pr\u00e9sident Azali. Il suffit de constater tout le [&hellip;]<\/p>\n","protected":false},"author":15,"featured_media":4515,"comment_status":"open","ping_status":"open","sticky":false,"template":"","format":"standard","meta":{"footnotes":""},"categories":[],"tags":[],"class_list":["post-4514","post","type-post","status-publish","format-standard","has-post-thumbnail","hentry"],"_links":{"self":[{"href":"https:\/\/masiwa-comores.com\/json\/wp\/v2\/posts\/4514","targetHints":{"allow":["GET"]}}],"collection":[{"href":"https:\/\/masiwa-comores.com\/json\/wp\/v2\/posts"}],"about":[{"href":"https:\/\/masiwa-comores.com\/json\/wp\/v2\/types\/post"}],"author":[{"embeddable":true,"href":"https:\/\/masiwa-comores.com\/json\/wp\/v2\/users\/15"}],"replies":[{"embeddable":true,"href":"https:\/\/masiwa-comores.com\/json\/wp\/v2\/comments?post=4514"}],"version-history":[{"count":1,"href":"https:\/\/masiwa-comores.com\/json\/wp\/v2\/posts\/4514\/revisions"}],"predecessor-version":[{"id":4516,"href":"https:\/\/masiwa-comores.com\/json\/wp\/v2\/posts\/4514\/revisions\/4516"}],"wp:featuredmedia":[{"embeddable":true,"href":"https:\/\/masiwa-comores.com\/json\/wp\/v2\/media\/4515"}],"wp:attachment":[{"href":"https:\/\/masiwa-comores.com\/json\/wp\/v2\/media?parent=4514"}],"wp:term":[{"taxonomy":"category","embeddable":true,"href":"https:\/\/masiwa-comores.com\/json\/wp\/v2\/categories?post=4514"},{"taxonomy":"post_tag","embeddable":true,"href":"https:\/\/masiwa-comores.com\/json\/wp\/v2\/tags?post=4514"}],"curies":[{"name":"wp","href":"https:\/\/api.w.org\/{rel}","templated":true}]}}