{"id":4193,"date":"2019-09-21T18:54:54","date_gmt":"2019-09-21T15:54:54","guid":{"rendered":"https:\/\/masiwa-comores.com\/?p=4193"},"modified":"2019-09-23T09:44:18","modified_gmt":"2019-09-23T06:44:18","slug":"moussa-mfoungoulie-la-lutte-continuera","status":"publish","type":"post","link":"https:\/\/masiwa-comores.com\/non-classe\/moussa-mfoungoulie-la-lutte-continuera\/","title":{"rendered":"Moussa Mfoungouli\u00e9 : \u00ab La lutte continuera \u00bb"},"content":{"rendered":"<p><strong>Sur l\u2019ensemble de l\u2019archipel, les enseignants ont d\u00e9cid\u00e9 de boycotter la rentr\u00e9e scolaire, puis de faire la gr\u00e8ve depuis ce jour. Le coordinateur des syndicats, Moussa Mfoungouliy\u00e9, nous a accord\u00e9 cet entretien pour mieux comprendre la situation des enseignants et ce qui les a pouss\u00e9s \u00e0 la gr\u00e8ve<\/strong>.\u00a0<em>Propos recueillis par Ali Mbae<\/em><\/p>\n<p>[ihc-hide-content ihc_mb_type=&#8221;show&#8221; ihc_mb_who=&#8221;2,3,4,5,6,9&#8243; ihc_mb_template=&#8221;1&#8243; ]<\/p>\n<p><strong>Masiwa &#8211; Vous avez d\u00e9cid\u00e9 de ne pas effectuer la rentr\u00e9e scolaire, vous faites une gr\u00e8ve pourquoi ?<\/strong><\/p>\n<p><strong>Moussa Mfoungouli\u00e9 &#8211;<\/strong> Nous avons remis un cahier de charge au gouvernement. Les points qui composent ce cahier des charges sont environ de 12 points. Parmi ces points, il y a la mise en place d\u2019un cadre de concertation et de dialogue social. Le d\u00e9g\u00e8le de nos avancements. La question de la retraite et celle SNPSF. Tout le monde sait que le vol caract\u00e9rise cette soci\u00e9t\u00e9. Nous voulons que chacun d&#8217;entre nous d\u00e9cide de la banque \u00e0 laquelle son salaire sera vers\u00e9. Nous avons d\u00e9velopp\u00e9 tous ces points par des entretiens.<\/p>\n<p>Malheureusement, il se trouve que jusqu\u2019\u00e0 l\u00e0, le gouvernement refuse de mettre en place ce cadre de concertation et le dialogue pour permettre l\u2019ouverture de dialogue social.\u00a0 Nous savons pertinemment que les r\u00e9solutions ne pourront \u00eatre trouv\u00e9es sans qu&#8217;un cadre de dialogue soit retrouv\u00e9. Sans cela, les probl\u00e8mes seront toujours l\u00e0.\u00a0 Si nous sommes ici (dans un sit-in devant le lyc\u00e9e SMC \u00e0 Moroni) aujourd\u2019hui c\u2019est pour montrer que d\u2019abord nous souffrons, ensuite montrer que la rentr\u00e9e scolaire, contrairement \u00e0 ce qui a \u00e9t\u00e9 sollicit\u00e9 par le gouvernement, n\u2019a pas \u00e9t\u00e9 effectu\u00e9e le lundi dernier. IL n\u2019y a pas eu de rentr\u00e9e et il n\u2019y en aura pas tant que le gouvernement refuse la mise en place du cadre de concertation et l\u2019ouverture du dialogue.<\/p>\n<p><strong>Masiwa &#8211; <\/strong><strong>le ministre a d\u00e9clar\u00e9 que bient\u00f4t une solution sera trouv\u00e9e puisque le dialogue est permanent, o\u00f9 en \u00eates-vous ? <\/strong><\/p>\n<p><strong>Moussa Mfoungouli\u00e9 &#8211;<\/strong> On a eu \u00e0 nous entretenir avec le ministre. Le premier contact c\u2019est nous qui l\u2019avons sollicit\u00e9, on est all\u00e9 pour le f\u00e9liciter, et lui avons souhait\u00e9 bonne chance pour ses nouvelles fonctions. Et une deuxi\u00e8me rencontre a eu lieu, ils nous ont appel\u00e9s pour nous dire que l\u2019\u00e9tat veut organiser des assises nationales sur l\u2019\u00e9ducation. Donc nous lui avons adress\u00e9 une lettre pour lui dire que nous n\u2019allons pas participer aux assises tant qu\u2019il n\u2019y a pas eu ce dialogue-l\u00e0. Malheureusement il ne nous a pas convoqu\u00e9s pour ce cadre de concertation et nous lui avons demand\u00e9 de ne pas publier un calendrier tant que le probl\u00e8me n\u2019est pas r\u00e9solu. Malheureusement, il a publi\u00e9 le calendrier. Il a fait sortir le calendrier, nous \u00e9tions oblig\u00e9s de lui adresser un pr\u00e9avis d&#8217;une gr\u00e8ve, comme quoi nous n\u2019allons pas reprendre le chemin de l\u2019\u00e9cole. Le ministre a menti. Nous n&#8217;avons jamais parl\u00e9 avec lui depuis notre pr\u00e9avis. Il a refus\u00e9 de nous recevoir. Il n&#8217;y a pas eu de rentr\u00e9e et il n&#8217;y en aura pas tant que le dialogue n&#8217;est pas possible.<\/p>\n<p><strong>Masiwa &#8211; Sur ces 12 points, lesquels ne sont pas n\u00e9gociables selon vous ?<\/strong><\/p>\n<p><strong>Moussa Mfoungouli\u00e9 &#8211;<\/strong> Tous les points sont n\u00e9gociables.\u00a0 Il y a beaucoup de points. Nous avons beaucoup de revendications.\u00a0 Par exemple la mise en place des cartes scolaires. La reforme de l&#8217;\u00e9cole priv\u00e9e et ses relations avec l&#8217;\u00e9cole publique. Beaucoup d&#8217;entre eux n&#8217;ont pas d&#8217;impact p\u00e9cuniaire. Nous sommes pr\u00eats \u00e0 n\u00e9gocier.<\/p>\n<p><strong>Masiwa &#8211; Apr\u00e8s la gr\u00e8ve, vous envisagez d&#8217;autres actions ?<\/strong><\/p>\n<p><strong>Moussa Mfoungouli\u00e9 &#8211;<\/strong> Hier nous avons discut\u00e9 avec les chefs d&#8217;\u00e9tablissement pour leur demander de fermer les \u00e9coles publiques et nous avons fait une autre demande aupr\u00e8s de la coordination des \u00e9coles priv\u00e9es. Ils vont tous se r\u00e9unir en une assembl\u00e9e g\u00e9n\u00e9rale et ensuite nous donner la r\u00e9ponse. Apr\u00e8s cette assise,il y aura une marche pacifique, une gr\u00e8ve de la faim se tiendra aussi. Ainsi de suite. La lutte continuera jusqu&#8217;\u00e0 ce que l&#8217;\u00c9tat revienne \u00e0 la raison en ouvrant le dialogue.<\/p>\n<p><strong>Masiwa &#8211; Un dernier mot\u00a0?<\/strong><\/p>\n<p><strong>Moussa Mfoungouli\u00e9 &#8211;<\/strong> J&#8217;appelle tous les enseignants de se r\u00e9unir dans l&#8217;ensemble des \u00eeles, de rester unis. Nous avons des revendications l\u00e9gales et l\u00e9gitimes.\u00a0 Nous allons r\u00e9ussir. Je voudrais aussi dire \u00e0 ceux qui disent que nous sommes manipul\u00e9s par l&#8217;opposition qu&#8217;ils sont dans l&#8217;erreur. Nos capacit\u00e9s intellectuelles sont sup\u00e9rieures ou \u00e9gales \u00e0 celles de ceux qui gouvernent et ceux qui sont \u00e0 l&#8217;opposition. Personne n&#8217;est manipul\u00e9.<\/p>\n<p>[\/ihc-hide-content]<\/p>\n","protected":false},"excerpt":{"rendered":"<p>Sur l\u2019ensemble de l\u2019archipel, les enseignants ont d\u00e9cid\u00e9 de boycotter la rentr\u00e9e scolaire, puis de faire la gr\u00e8ve depuis ce jour. Le coordinateur des syndicats, Moussa Mfoungouliy\u00e9, nous a accord\u00e9 cet entretien pour mieux comprendre la situation des enseignants et ce qui les a pouss\u00e9s \u00e0 la gr\u00e8ve.\u00a0Propos recueillis par Ali Mbae [ihc-hide-content ihc_mb_type=&#8221;show&#8221; ihc_mb_who=&#8221;2,3,4,5,6,9&#8243; [&hellip;]<\/p>\n","protected":false},"author":15,"featured_media":4194,"comment_status":"open","ping_status":"open","sticky":false,"template":"","format":"standard","meta":{"footnotes":""},"categories":[],"tags":[],"class_list":["post-4193","post","type-post","status-publish","format-standard","has-post-thumbnail","hentry"],"_links":{"self":[{"href":"https:\/\/masiwa-comores.com\/json\/wp\/v2\/posts\/4193","targetHints":{"allow":["GET"]}}],"collection":[{"href":"https:\/\/masiwa-comores.com\/json\/wp\/v2\/posts"}],"about":[{"href":"https:\/\/masiwa-comores.com\/json\/wp\/v2\/types\/post"}],"author":[{"embeddable":true,"href":"https:\/\/masiwa-comores.com\/json\/wp\/v2\/users\/15"}],"replies":[{"embeddable":true,"href":"https:\/\/masiwa-comores.com\/json\/wp\/v2\/comments?post=4193"}],"version-history":[{"count":1,"href":"https:\/\/masiwa-comores.com\/json\/wp\/v2\/posts\/4193\/revisions"}],"predecessor-version":[{"id":4195,"href":"https:\/\/masiwa-comores.com\/json\/wp\/v2\/posts\/4193\/revisions\/4195"}],"wp:featuredmedia":[{"embeddable":true,"href":"https:\/\/masiwa-comores.com\/json\/wp\/v2\/media\/4194"}],"wp:attachment":[{"href":"https:\/\/masiwa-comores.com\/json\/wp\/v2\/media?parent=4193"}],"wp:term":[{"taxonomy":"category","embeddable":true,"href":"https:\/\/masiwa-comores.com\/json\/wp\/v2\/categories?post=4193"},{"taxonomy":"post_tag","embeddable":true,"href":"https:\/\/masiwa-comores.com\/json\/wp\/v2\/tags?post=4193"}],"curies":[{"name":"wp","href":"https:\/\/api.w.org\/{rel}","templated":true}]}}