{"id":4177,"date":"2019-09-21T18:35:30","date_gmt":"2019-09-21T15:35:30","guid":{"rendered":"https:\/\/masiwa-comores.com\/?p=4177"},"modified":"2019-09-21T18:35:30","modified_gmt":"2019-09-21T15:35:30","slug":"une-rentree-mouvementee","status":"publish","type":"post","link":"https:\/\/masiwa-comores.com\/non-classe\/une-rentree-mouvementee\/","title":{"rendered":"Une rentr\u00e9e mouvement\u00e9e"},"content":{"rendered":"<p><strong><em>Les enseignants comoriens sont en gr\u00e8ve depuis le d\u00e9but de la semaine. Ils avaient pr\u00e9venu leur ministre de tutelle, Moindji\u00e9 Mohamed Moussa depuis le 14 juillet et l\u2019avaient mis en garde sur une \u00e9ventuelle annonce d\u2019un calendrier de rentr\u00e9e. Le mouvement a \u00e9t\u00e9 visible mercredi, gr\u00e2ce \u00e0 la forte mobilisation des enseignants dans un sit-in organis\u00e9 devant le lyc\u00e9e Sa\u00efd Mohamed Cheikh de Moroni. <\/em><\/strong><em>Par <\/em><em>Mahmoud Ibrahime<\/em><\/p>\n<p>[ihc-hide-content ihc_mb_type=&#8221;show&#8221; ihc_mb_who=&#8221;2,3,4,5,6,9&#8243; ihc_mb_template=&#8221;1&#8243; ]<\/p>\n<p>Le ministre de l\u2019\u00c9ducation, Moindji\u00e9 Mohamed Moussa avait fini par annoncer la rentr\u00e9e le lundi 16 septembre. Mais, comme le mot d\u2019ordre des syndicats appelant \u00e0 la gr\u00e8ve a \u00e9t\u00e9 bien suivi, cette rentr\u00e9e n\u2019a eu lieu que dans quelques \u00e9coles dans le pays.<\/p>\n<p><strong>Gr\u00e8ve de la rentr\u00e9e<\/strong><\/p>\n<p>Les enseignants, \u00e0 travers leurs syndicats, r\u00e9clament p\u00e8le-m\u00eale l\u2019instauration d\u2019un dialogue social entre le gouvernement et l\u2019Intersyndicale, une revalorisation des salaires et le droit de placer son salaire dans la banque de son choix et pas forc\u00e9ment \u00e0 la snpsf (banque \u00e9tatique) comme l\u2019a d\u00e9cid\u00e9 d\u2019une mani\u00e8re unilat\u00e9rale le gouvernement, il y a d\u00e9j\u00e0 quelques ann\u00e9es. Malgr\u00e9 les nombreuses demandent de dialogue, le ministre refuse jusqu\u2019\u00e0 maintenant de recevoir les enseignants et ceux-ci affirment qu\u2019ils seront en gr\u00e8ve illimit\u00e9e tant que le dialogue n\u2019a pas eu lieu.<\/p>\n<p>Apr\u00e8s les r\u00e9unions qui ont regroup\u00e9 enseignants et chefs d\u2019\u00e9tablissement \u00e0 Moroni, le pr\u00e9avis de gr\u00e8ve d\u00e9pos\u00e9 sur les trois \u00eeles, pour le jour de la rentr\u00e9e, a \u00e9t\u00e9 suivi, y compris par de nombreuses \u00e9coles priv\u00e9es, ce qui est rare. L\u2019Intersyndicale a m\u00eame int\u00e9gr\u00e9 une revendication de ces \u00e9coles priv\u00e9es\u00a0: leur reconnaissance par l\u2019\u00c9tat. \u00c0 Anjouan, m\u00eame si les professeurs se rendent sur place dans leurs \u00e9tablissements et r\u00e9pondent pr\u00e9sents \u00e0 l\u2019appel des chefs d\u2019\u00e9tablissement, ils ne prennent pas les \u00e9l\u00e8ves dans les classes. Par contre, les \u00e9coles priv\u00e9es semblent fonctionner normalement.<\/p>\n<p>\u00c0 la Grande-Comore, les responsables syndicaux ont travaill\u00e9 en amont avec les responsables des \u00e9coles priv\u00e9es, conscients que la gr\u00e8ve ne peut \u00eatre efficace si leurs coll\u00e8gues partent enseigner dans le priv\u00e9. Ils ont fait appel aux enseignants qui tiennent ces \u00e9coles priv\u00e9es, et ils ont r\u00e9ussi \u00e0 les convaincre pour un combat commun. \u00c0 Moroni, pendant la gr\u00e8ve le jour de la rentr\u00e9e, les chefs des syndicats ont confirm\u00e9 qu\u2019il s\u2019agit d\u2019une \u00ab\u00a0gr\u00e8ve illimit\u00e9e\u00a0\u00bb. Port\u00e9s par la mobilisation des enseignants, ils ont d\u00e9clar\u00e9 qu\u2019elle s\u2019arr\u00eatera d\u00e8s l\u2019ouverture du dialogue avec le gouvernement. L\u2019id\u00e9e a \u00e9t\u00e9 r\u00e9p\u00e9t\u00e9e \u00e0 maintes reprises pendant le sit-in de mercredi 18 septembre.<\/p>\n<p><strong>Une foule devant le lyc\u00e9e de Moroni<\/strong><\/p>\n<p>Les syndicats ont r\u00e9ussi leur pari en d\u00e9pla\u00e7ant de nombreuses personnes devant le lyc\u00e9e Sa\u00efd Mohamed Cheikh de Moroni. Chaque responsable syndical a pris la parole pour expliquer les raisons de cette n-i\u00e8me gr\u00e8ve des enseignants.<\/p>\n<p>Le coordinateur de l\u2019Intersyndicale, Moussa Mfoungouli\u00e9 a improvis\u00e9 un discours dans lequel il a rappel\u00e9 les raisons de cette gr\u00e8ve, et notamment le refus que les salaires des enseignants soient automatiquement d\u00e9pos\u00e9s sur des comptes snpsf. Les professeurs restent m\u00e9fiants envers cette banque.<\/p>\n<p>Moussa Mfoungouli\u00e9 a rappel\u00e9 \u00e9galement \u00e0 l\u2019assembl\u00e9e des professeurs qu\u2019apr\u00e8s trois entrevues au minist\u00e8re pour demander l\u2019ouverture de discussions entre le gouvernement et les syndicats des enseignants et devant les refus r\u00e9p\u00e9t\u00e9s du ministre, la d\u00e9cision a \u00e9t\u00e9 prise de se mettre en gr\u00e8ve \u00e0 la rentr\u00e9e.<\/p>\n<p>Pourtant, le ministre continue \u00e0 dire que le dialogue a eu lieu. Lors du sit-in devant le lyc\u00e9e de Moroni, le coordinateur de l\u2019Intersyndicale s\u2019est interrog\u00e9 sur le fait que le gouvernement ne souhaite engager aucun dialogue.<\/p>\n<p><strong>L\u2019appel au dialogue et le silence du gouvernement<\/strong><\/p>\n<p>Selon Mfoungouli\u00e9, les syndicats ont discut\u00e9 avec la directrice de la Caisse des retraites\u00a0qui a confirm\u00e9 aux enseignants qu\u2019il n\u2019y aura pas de solution sans une table ronde de tous les partenaires pour discuter sereinement.<\/p>\n<p>Les syndicats se montrent disponibles au dialogue, et Mfoungouli\u00e9 pr\u00e9cise \u00ab\u00a0qu\u2019on parvienne \u00e0 un accord ou non\u00a0\u00bb. Il ajoute qu\u2019un accord sur un d\u00e9but de dialogue mettra fin \u00e0 la gr\u00e8ve. Alors, pourquoi le gouvernement refuse-t-il toute discussion avec les syndicats\u00a0?<\/p>\n<p>Le responsable syndical a l\u2019air d\u00e9sesp\u00e9r\u00e9 dans son appel \u00e0 la discussion avec le gouvernement\u00a0: \u00ab\u00a0Un ministre est l\u00e0 pour servir le peuple\u2026 il ne devrait pas y avoir cette arrogance \u00e0 refuser de discuter avec le peuple\u00a0\u00bb.<\/p>\n<p>Le silence du gouvernement risque d\u2019amener les enseignants \u00e0 manifester dans les rues comme l\u2019a annonc\u00e9 le coordinateur de l\u2019Intersyndicale. Mais, m\u00eame si ce dernier se d\u00e9p\u00eache d\u2019ajouter \u00ab\u00a0d\u2019une mani\u00e8re pacifique\u00a0\u00bb, il est peu probable que les syndicats obtiennent une autorisation \u00e0 manifester. Cela fait plusieurs ann\u00e9es que toute manifestation contre l\u2019action du gouvernement est interdite dans la capitale et m\u00eame ceux qui osent manifester dans les r\u00e9gions sont convoqu\u00e9s devant les tribunaux pour des avertissements.<\/p>\n<p>Le silence du gouvernement reste incompr\u00e9hensible, car il est \u00e9vident qu\u2019il risque d\u2019envenimer la situation, de faire perdre patience aux enseignants et du temps, encore une fois aux enfants. Il est temps que le chef de l\u2019\u00c9tat comprenne qu\u2019il ne peut y avoir une \u00e9mergence dans un pays sans d\u00e9veloppement de l\u2019\u00e9ducation nationale et qu\u2019il lui donne enfin la place qu\u2019elle m\u00e9rite.<\/p>\n<p>[\/ihc-hide-content]<\/p>\n","protected":false},"excerpt":{"rendered":"<p>Les enseignants comoriens sont en gr\u00e8ve depuis le d\u00e9but de la semaine. Ils avaient pr\u00e9venu leur ministre de tutelle, Moindji\u00e9 Mohamed Moussa depuis le 14 juillet et l\u2019avaient mis en garde sur une \u00e9ventuelle annonce d\u2019un calendrier de rentr\u00e9e. Le mouvement a \u00e9t\u00e9 visible mercredi, gr\u00e2ce \u00e0 la forte mobilisation des enseignants dans un sit-in [&hellip;]<\/p>\n","protected":false},"author":15,"featured_media":4178,"comment_status":"open","ping_status":"open","sticky":false,"template":"","format":"standard","meta":{"footnotes":""},"categories":[],"tags":[],"class_list":["post-4177","post","type-post","status-publish","format-standard","has-post-thumbnail","hentry"],"_links":{"self":[{"href":"https:\/\/masiwa-comores.com\/json\/wp\/v2\/posts\/4177","targetHints":{"allow":["GET"]}}],"collection":[{"href":"https:\/\/masiwa-comores.com\/json\/wp\/v2\/posts"}],"about":[{"href":"https:\/\/masiwa-comores.com\/json\/wp\/v2\/types\/post"}],"author":[{"embeddable":true,"href":"https:\/\/masiwa-comores.com\/json\/wp\/v2\/users\/15"}],"replies":[{"embeddable":true,"href":"https:\/\/masiwa-comores.com\/json\/wp\/v2\/comments?post=4177"}],"version-history":[{"count":1,"href":"https:\/\/masiwa-comores.com\/json\/wp\/v2\/posts\/4177\/revisions"}],"predecessor-version":[{"id":4179,"href":"https:\/\/masiwa-comores.com\/json\/wp\/v2\/posts\/4177\/revisions\/4179"}],"wp:featuredmedia":[{"embeddable":true,"href":"https:\/\/masiwa-comores.com\/json\/wp\/v2\/media\/4178"}],"wp:attachment":[{"href":"https:\/\/masiwa-comores.com\/json\/wp\/v2\/media?parent=4177"}],"wp:term":[{"taxonomy":"category","embeddable":true,"href":"https:\/\/masiwa-comores.com\/json\/wp\/v2\/categories?post=4177"},{"taxonomy":"post_tag","embeddable":true,"href":"https:\/\/masiwa-comores.com\/json\/wp\/v2\/tags?post=4177"}],"curies":[{"name":"wp","href":"https:\/\/api.w.org\/{rel}","templated":true}]}}