{"id":3638,"date":"2019-06-28T23:01:39","date_gmt":"2019-06-28T20:01:39","guid":{"rendered":"https:\/\/masiwa-comores.com\/?p=3638"},"modified":"2019-06-28T23:01:39","modified_gmt":"2019-06-28T20:01:39","slug":"les-manifestations-des-comoriens-de-france-continuent","status":"publish","type":"post","link":"https:\/\/masiwa-comores.com\/non-classe\/les-manifestations-des-comoriens-de-france-continuent\/","title":{"rendered":"LES MANIFESTATIONS DES COMORIENS DE FRANCE CONTINUENT"},"content":{"rendered":"<p><strong>\u00c0chaque dimanche son acte. Dimanche dernier c\u2019\u00e9tait l\u2019Acte 13. Depuis le 28 mars 2019 jusqu\u2019\u00e0 aujourd\u2019hui, les Comoriens de l\u2019\u00e9tranger, notamment de France, comptabilisent treize actesde manifestations contre le pouvoir en place aux Comores. Commen\u00e7ant depuis la prise de l\u2019ambassade des Comores \u00e0 Paris par des jeunes Comoriens, en guise d\u2019expression de leur m\u00e9contentement face au \u00ab\u00a0hold-up \u00e9lectoral\u00a0\u00bb du 24 mars 2019, puis de week-end en week-end, les actes s\u2019enchainent.<\/strong>\u00a0<em>Par Said Yassine Said Ahmed<\/em><\/p>\n<p>[ihc-hide-content ihc_mb_type=&#8221;show&#8221; ihc_mb_who=&#8221;2,3,4,6,9,5&#8243; ihc_mb_template=&#8221;1&#8243; ]<\/p>\n<p>Des nombreux Comoriens se r\u00e9veillent de m\u00eame dans des diff\u00e9rentes villes du monde\u00a0et suivent le mouvement.de marches en rassemblements&#8230;le m\u00eame message\u00a0: \u00ab\u00a0non\u00a0\u00bb\u00e0 ce qu\u2019ils appellent \u00ab\u00a0un coup d\u2019\u00c9tat \u00e9lectoral\u00a0\u00bb aux Comores.<\/p>\n<p>C\u2019est du jamais vu dans l\u2019histoire du pays et m\u00eame dans la diaspora. Des luttes ont \u00e9t\u00e9 men\u00e9esdans le pass\u00e9 par l\u2019\u00e9lite comorienne pour lib\u00e9rer leur pays. Le MOLINACO est n\u00e9 \u00e0 Dar es Salam dans les ann\u00e9es 1960 et l\u2019ASEC a lutt\u00e9 en France dans les ann\u00e9es 1970-1990. Le premier pour l\u2019ind\u00e9pendance des Comores et le second pour un \u00c9tat de droit. Cette fois, avec le temps, la lutte prend une autre dimension.13 actes de manifestation des Comoriens de l\u2019\u00e9tranger contre le pouvoir en place.<\/p>\n<p><strong>\u00ab\u00a0La conviction au c\u0153ur des manifestations.\u00bb<\/strong><\/p>\n<p>Sous de fortes pluies ou sous un soleil ardant, les assidusr\u00e9pondentcontinuellement pr\u00e9sentsauxrendez-vous dominicaux. Des banderoles, des drapeaux brandis, des Photos des victimes du r\u00e9gime, soit tu\u00e9es, bless\u00e9es ou d\u00e9tenues\u2026<\/p>\n<p>De nombreuses questions planent tout de m\u00eame dans l\u2019opinion publique. Le pouvoir en place semble in\u00e9branlable.<\/p>\n<p>Selon les manifestants de France, <em>\u00ab\u00a0il y a aussi un point plus important \u00e0 souligner. D\u00e9j\u00e0 le fait qu\u2019Azali se soit investi pr\u00e9sident le 26 mai 2019, sans la pr\u00e9sence d\u2019aucun chef d\u2019Etat \u00e9tranger ni d\u2019aucun chef de gouvernement\u2026 cela traduit que nos cris s\u2019\u00e9tendent ici et ailleurs.\u00a0\u00bb<\/em>affirme un manifestant avant d\u2019ajouter<em>: \u00ab\u00a0m\u00eame s\u2019ils font semblant de n\u2019avoir peur de rien, mais Azali et son \u00e9quipe savent d\u00e9j\u00e0 qu\u2019ils ne sont pas stables et ils doivent avoir le c\u0153ur battant, craignantune \u00e9ventuelle chute. D\u00e9j\u00e0 nos manifestations ont stimul\u00e9 ceux qui sont au pays, ils se r\u00e9veillent \u00e0 leur tour, car ce n\u2019est pas pour nous seulement qu\u2019on se bat, mais c\u2019est pour tous les Comoriens notamment ceux qui sont aux Comores, victimes de l\u2019injustice\u2026 et de la tyrannie\u00a0\u00bb.<\/em>Le r\u00e9veil de l\u2019int\u00e9rieur est per\u00e7u \u00e0 travers les manifestations \u00e0 Mohoro, Ntsinimwashongo, Usipvo, Uzio dans le Mitsamihuli, Mbeni, Ntsudjini\u2026 Mutsumudu, Mkazi et tant d\u2019autres villes des Comores.<\/p>\n<p><strong>\u00ab\u00a0Personne n\u2019a le monopole d\u2019adoption\u00a0\u00bb<\/strong><\/p>\n<p>Certains organisateurs de ces manifestations, notamment \u00e0 Lyon, trouvent malhonn\u00eate le fait que des Comoriens d\u2019autres bords notamment, qui soutiennent le r\u00e9gime en place aux Comores, se donnent le monopole d\u2019assortiment. C\u2019est-\u00e0-dire,la pr\u00e9sence de certains politiques, comme Houmed Msaidi\u00e9, Ahmed Ben Said Djaffar, Djounaid Soilihi, Said Ali Chaihane\u2026 aux affaires de l\u2019\u00c9tat, voire m\u00eame aux postesminist\u00e9riels, mais Hassani Hamadi, Tosha Djohar, Achmet, Solihi Mohamed Soilihi et consorts, dont certains auraient fait l\u2019objet des tentatives d\u2019assassinat, n\u2019ont pas droit de manifester leur m\u00e9contentement dans le camp oppos\u00e9, donc des manifestants de France\u2026 Avec cette id\u00e9e, ces organisateurs positivent la pr\u00e9sence de ces politiques aux manifestations contre le r\u00e9gime du colonel Azali, consid\u00e9r\u00e9 comme l\u2019ennemi commun.<\/p>\n<p>Les raisonspour lesquelles les manifestations continuent est que, selon eux, il y a un vent d\u2019espoir que l\u2019avenir sourira au peuple. Bient\u00f4t un changement vers le bon sens et c\u2019est ce que le peuple comorien veut. Ces manifestations ont permis de faire douter le pouvoir en place. Le chef de l\u2019\u00c9tat commence d\u00e9j\u00e0 \u00e0 l\u00e2cher du lest en parlant d\u2019apaisement m\u00eame si cela est consid\u00e9r\u00e9 par beaucoup comme de la poudre aux yeux. Toutefois l\u2019intensit\u00e9 et la r\u00e9gularit\u00e9 des mobilisations en France \u00e9branlent s\u00e9rieusement le pouvoir en place.<\/p>\n<p>[\/ihc-hide-content]<\/p>\n","protected":false},"excerpt":{"rendered":"<p>\u00c0chaque dimanche son acte. Dimanche dernier c\u2019\u00e9tait l\u2019Acte 13. Depuis le 28 mars 2019 jusqu\u2019\u00e0 aujourd\u2019hui, les Comoriens de l\u2019\u00e9tranger, notamment de France, comptabilisent treize actesde manifestations contre le pouvoir en place aux Comores. Commen\u00e7ant depuis la prise de l\u2019ambassade des Comores \u00e0 Paris par des jeunes Comoriens, en guise d\u2019expression de leur m\u00e9contentement face [&hellip;]<\/p>\n","protected":false},"author":15,"featured_media":3639,"comment_status":"open","ping_status":"open","sticky":false,"template":"","format":"standard","meta":{"footnotes":""},"categories":[],"tags":[],"class_list":["post-3638","post","type-post","status-publish","format-standard","has-post-thumbnail","hentry"],"_links":{"self":[{"href":"https:\/\/masiwa-comores.com\/json\/wp\/v2\/posts\/3638","targetHints":{"allow":["GET"]}}],"collection":[{"href":"https:\/\/masiwa-comores.com\/json\/wp\/v2\/posts"}],"about":[{"href":"https:\/\/masiwa-comores.com\/json\/wp\/v2\/types\/post"}],"author":[{"embeddable":true,"href":"https:\/\/masiwa-comores.com\/json\/wp\/v2\/users\/15"}],"replies":[{"embeddable":true,"href":"https:\/\/masiwa-comores.com\/json\/wp\/v2\/comments?post=3638"}],"version-history":[{"count":1,"href":"https:\/\/masiwa-comores.com\/json\/wp\/v2\/posts\/3638\/revisions"}],"predecessor-version":[{"id":3640,"href":"https:\/\/masiwa-comores.com\/json\/wp\/v2\/posts\/3638\/revisions\/3640"}],"wp:featuredmedia":[{"embeddable":true,"href":"https:\/\/masiwa-comores.com\/json\/wp\/v2\/media\/3639"}],"wp:attachment":[{"href":"https:\/\/masiwa-comores.com\/json\/wp\/v2\/media?parent=3638"}],"wp:term":[{"taxonomy":"category","embeddable":true,"href":"https:\/\/masiwa-comores.com\/json\/wp\/v2\/categories?post=3638"},{"taxonomy":"post_tag","embeddable":true,"href":"https:\/\/masiwa-comores.com\/json\/wp\/v2\/tags?post=3638"}],"curies":[{"name":"wp","href":"https:\/\/api.w.org\/{rel}","templated":true}]}}