{"id":3596,"date":"2019-06-21T11:42:14","date_gmt":"2019-06-21T08:42:14","guid":{"rendered":"https:\/\/masiwa-comores.com\/?p=3596"},"modified":"2019-06-23T15:40:15","modified_gmt":"2019-06-23T12:40:15","slug":"conference-de-presse-azali-assoumani-la-diaspora-est-manipulee","status":"publish","type":"post","link":"https:\/\/masiwa-comores.com\/non-classe\/conference-de-presse-azali-assoumani-la-diaspora-est-manipulee\/","title":{"rendered":"Conf\u00e9rence de presse, Azali Assoumani \u00ab la diaspora est manipul\u00e9e \u00bb"},"content":{"rendered":"<p><strong>Le chef de l\u2019\u00c9tat comorien a souhait\u00e9 rencontrer la presse apr\u00e8s le premier Conseil des ministres de son nouveau gouvernement. Chacun s\u2019attendait \u00e0 ce qu\u2019il trace les grandes lignes de ce que sera son action dans les ann\u00e9es \u00e0 venir, particuli\u00e8rement pour parvenir \u00e0 l\u2019\u00e9mergence dans dix ans, mais il est rest\u00e9 tr\u00e8s \u00e9vasif. <\/strong><em>Par Ali Mbae<\/em><\/p>\n<p>[ihc-hide-content ihc_mb_type=&#8221;show&#8221; ihc_mb_who=&#8221;2,3,4,5,6,9&#8243; ihc_mb_template=&#8221;1&#8243; ]<\/p>\n<p>Les changements au niveau des responsables de la communication \u00e0 Beit-Salam ont eu des cons\u00e9quences sur le travail des journalistes. Il leur a \u00e9t\u00e9 formellement interdit de filmer ou de faire des directs. Ils n\u2019ont m\u00eame pas eu le droit de prendre des photos. Une volont\u00e9, sans doute, de mieux contr\u00f4ler l\u2019image du chef de l\u2019\u00c9tat, mais qui est pr\u00e9judiciable au m\u00e9tier des journalistes et \u00e0 l\u2019information.<\/p>\n<p>C&#8217;est dans une salle sous haut contr\u00f4le au palais de Beit-Salam que le pr\u00e9sident Azali Assoumani a tenu hier sa premi\u00e8re conf\u00e9rence de presse depuis sa r\u00e9\u00e9lection mise en cause par ses opposants politiques qui continuent \u00e0 parler de \u00ab\u00a0putsch\u00e9lectoral\u00a0\u00bb. D\u00e8s son entr\u00e9e sur sc\u00e8ne, il a d&#8217;abord adress\u00e9 ses f\u00e9licitations au jeune constitutionnaliste comorien Mohamed Rafsandjani qui vient de d\u00e9crocher, en France,le prix Guy Carcassonne 2019 du club des juristes, r\u00e9compensant le meilleur article constitutionnel li\u00e9 \u00e0 l&#8217;actualit\u00e9 fran\u00e7aise ou \u00e9trang\u00e8re.<\/p>\n<p><strong>Kenneth et les 10%<\/strong><\/p>\n<p>Le locataire de Beit-Salam a enchain\u00e9 ensuite en faisant un panorama sur l&#8217;actualit\u00e9 nationale et internationale de cette p\u00e9riode de crise \u00e9lectorale.<\/p>\n<p>Et sans surprise c\u2019est le cyclone Kenneth qui a durement frapp\u00e9 l\u2019archipel, il y a deux mois de cela,qui a ouvert le bal. Apr\u00e8s les premi\u00e8res \u00e9valuations des d\u00e9g\u00e2ts, Azali Assoumani avait d\u00e9cid\u00e9 seul et sans m\u00eame chercher l&#8217;avis des parlementaires, et malgr\u00e9 aussi la contestation des syndicalistes, le pr\u00e9l\u00e8vement de 10% sur les salaires des fonctionnaires. Une affaire qui avait fait couler beaucoup d&#8217;encre. Certains journalistes avaient jug\u00e9 cette mesure \u00ab\u00a0ill\u00e9gale\u00a0\u00bb. Pour la premi\u00e8re fois, le pr\u00e9sident de la R\u00e9publique s&#8217;est prononc\u00e9 sur ce sujet : \u00ab\u00a0C&#8217;est un exemple que nous avons voulu montrer \u00e0 nos partenaires que si nous avions l&#8217;argent, nous n&#8217;allions pas demander de l\u2019aide. En tout cas je m&#8217;engage personnellement \u00e0 la transparence sur l\u2019utilisation de cette somme. C&#8217;est l&#8217;ancien gouverneur de la banque centrale qui g\u00e8re ce fonds. J\u2019ai confiance en son professionnalisme\u00a0\u00bb a-t-il indiqu\u00e9.<\/p>\n<p>Pour ce qui est des entreprises, \u00ab\u00a0le FMI s&#8217;est engag\u00e9 \u00e0 d\u00e9bloquer150 millions de dollars pouraccompagner nos entreprises et r\u00e9par\u00e9 les d\u00e9g\u00e2ts de Kenneth\u00a0\u00bb a-t-il d\u00e9voil\u00e9.<\/p>\n<p><strong>Les manifestations de la diaspora<\/strong><\/p>\n<p>Les manifestations hebdomadaires de la diaspora en France ont aussi \u00e9t\u00e9 \u00e9voqu\u00e9es. Le moins que l\u2019on peut dire c\u2019est que le chef de l\u2019\u00c9tat n\u2019est pas dispos\u00e9 \u00e0 pr\u00eaterune oreille attentive aux revendications des manifestantsde la diaspora qui investissent chaque dimanche les places des grandes villes de France pour r\u00e9clamer le r\u00e9tablissement de l\u2019ordre constitutionnel et l\u2019\u00c9tat de droit, \u00e0 commencer par l\u2019organisation de nouvelles \u00e9lections. \u00ab\u00a0La diaspora est manipul\u00e9e. La vraie diaspora, j&#8217;ai toujours \u00e9chang\u00e9 avec eux, m\u00eame au moment o\u00f9 j&#8217;\u00e9tais dans l&#8217;opposition. Ce sont des opposants qui manifestent en France et c&#8217;est de leur droit. Et ce n&#8217;est dans l&#8217;int\u00e9r\u00eat de personne de la diviser. Je vous rassure que certains partisans de CRC ont voulu monter leur section l\u00e0-bas et j&#8217;ai refus\u00e9. Par contre j&#8217;aurais aim\u00e9 qu&#8217;elle nous aide dans des questions comme celle de Mayotte, occup\u00e9e ill\u00e9galement par la France &#8221; a-t-il balanc\u00e9, droit dans ses bottes.<\/p>\n<p>Le chef de l\u2019\u00c9tat a \u00e9galement regrett\u00e9 le fait que \u00ab\u00a0presque toutes les man\u0153uvres de d\u00e9stabilisation de notre pays proviennentde Mayotte\u00a0\u00bb.\u00a0 Abordant les relations entre la France et les Comores, Azali Assoumani a d\u00e9clar\u00e9 \u00ab\u00a0nous avons une relation oblig\u00e9e puisque notre cinqui\u00e8me \u00eele se trouve en France. Donc, nous pr\u00e9conisons le dialogue puisque nous n&#8217;avons pas de la force pour arracher notre \u00eele\u00a0\u00bb.<\/p>\n<p><strong>L\u2019interdiction des manifestations<\/strong><\/p>\n<p>S\u2019agissant des prochaines l\u00e9gislatives, le Pr\u00e9sident met fin aux espoirs de la diaspora de voir deux de leurs repr\u00e9sentants si\u00e9ger \u00e0 l&#8217;Assembl\u00e9e de l\u2019Union : \u00ab\u00a0les mesures ne sont pas encore prises. Des lois doivent d&#8217;abord \u00eatre adopt\u00e9es\u00a0\u00bb a-t-il justifi\u00e9. Quant aux manifestations organis\u00e9es dans le pays par la soci\u00e9t\u00e9 civile et le Conseil national de transition (CNT) et emp\u00each\u00e9es r\u00e9guli\u00e8rement par les forces de l&#8217;ordre, il rejette la faute aux anciens gouvernements : \u00ab\u00a0Ce n&#8217;est pas moi qui ai emp\u00each\u00e9 les gens de manifester en premier. Si je suis responsable, je ne suis pas coupable\u00a0\u00bba-t-il lanc\u00e9 faisant allusion \u00e0 la note circulaire \u00e9dict\u00e9e en 2013 par l&#8217;ancien ministre de l&#8217;Int\u00e9rieur Ahmed El-Barwane qui interdisait toute manifestation politique en dehors de la p\u00e9riode des campagnes \u00e9lectorales. Cette note \u00e9tait r\u00e9guli\u00e8rement brandie par l&#8217;actuel ministre de l&#8217;Int\u00e9rieur Mohamed Daoud pour justifier ses mesures de r\u00e9torsion contre l\u2019opposition. Alors que cette note liberticidea \u00e9t\u00e9 th\u00e9oriquement abrog\u00e9e l&#8217;ann\u00e9e derni\u00e8re, la situation sur le terrain n\u2019a pas chang\u00e9. Les forces de l\u2019ordre chargent r\u00e9guli\u00e8rement des manifestants. Le pr\u00e9sident semble s\u2019\u00eatre appuy\u00e9 sur ce texte pour justifier les interdictions de tenir des manifestations inflig\u00e9es aux opposants malgr\u00e9 son abrogation.<\/p>\n<p><strong>L\u2019expert de l\u2019ONU a manqu\u00e9 de respect \u00e0 la nation<\/strong><\/p>\n<p>Interrog\u00e9 \u00e0 propos du communiqu\u00e9 de l&#8217;expert des Nations Unies envoy\u00e9 pour enqu\u00eater sur les tortures et le respect des droits de l&#8217;homme, Azali Assoumani soutient que cet expert a manqu\u00e9 de respect \u00e0 la nation et a soulign\u00e9 que les autorit\u00e9s comoriennes n&#8217;avaient rien \u00e0 cacher. \u00ab\u00a0S\u2019il est autoris\u00e9 \u00e0 entrer dans la prison, pourquoi il ne serait autoris\u00e9 d&#8217;aller chez Sambi. N&#8217;oubliez pas que Sambi est d\u00e9tenu chez lui, dans un logement octroy\u00e9 par l&#8217;\u00c9tat. Il n&#8217;avait qu&#8217;\u00e0 demander une autorisation\u00a0\u00bb a-t-il s\u00e8chement r\u00e9pondu. Interrog\u00e9 sur la chert\u00e9 de la vie, le chef de l\u2019\u00c9tat a donn\u00e9 une r\u00e9ponse pour le moins surprenante. Selon lui, il s\u2019agit d\u2019un bon signe. \u00ab\u00a0Nous allons vers l&#8217;\u00e9mergence. Et dans tous les pays \u00e9mergents, la vie est toujours ch\u00e8re\u00a0\u00bb s\u2019est-il amus\u00e9.<\/p>\n<p>Ainsi, ceux qui attendaient l\u2019annonce d\u2019une politique g\u00e9n\u00e9rale ou les lignes donn\u00e9es \u00e0 chaque ministre ont \u00e9t\u00e9 d\u00e9\u00e7us. Ce n\u2019\u00e9tait pas l\u2019objectif de cette conf\u00e9rence de presse.<\/p>\n<p>&nbsp;<\/p>\n<p>[\/ihc-hide-content]<\/p>\n","protected":false},"excerpt":{"rendered":"<p>Le chef de l\u2019\u00c9tat comorien a souhait\u00e9 rencontrer la presse apr\u00e8s le premier Conseil des ministres de son nouveau gouvernement. Chacun s\u2019attendait \u00e0 ce qu\u2019il trace les grandes lignes de ce que sera son action dans les ann\u00e9es \u00e0 venir, particuli\u00e8rement pour parvenir \u00e0 l\u2019\u00e9mergence dans dix ans, mais il est rest\u00e9 tr\u00e8s \u00e9vasif. Par [&hellip;]<\/p>\n","protected":false},"author":15,"featured_media":3598,"comment_status":"open","ping_status":"open","sticky":false,"template":"","format":"standard","meta":{"footnotes":""},"categories":[],"tags":[],"class_list":["post-3596","post","type-post","status-publish","format-standard","has-post-thumbnail","hentry"],"_links":{"self":[{"href":"https:\/\/masiwa-comores.com\/json\/wp\/v2\/posts\/3596","targetHints":{"allow":["GET"]}}],"collection":[{"href":"https:\/\/masiwa-comores.com\/json\/wp\/v2\/posts"}],"about":[{"href":"https:\/\/masiwa-comores.com\/json\/wp\/v2\/types\/post"}],"author":[{"embeddable":true,"href":"https:\/\/masiwa-comores.com\/json\/wp\/v2\/users\/15"}],"replies":[{"embeddable":true,"href":"https:\/\/masiwa-comores.com\/json\/wp\/v2\/comments?post=3596"}],"version-history":[{"count":1,"href":"https:\/\/masiwa-comores.com\/json\/wp\/v2\/posts\/3596\/revisions"}],"predecessor-version":[{"id":3599,"href":"https:\/\/masiwa-comores.com\/json\/wp\/v2\/posts\/3596\/revisions\/3599"}],"wp:featuredmedia":[{"embeddable":true,"href":"https:\/\/masiwa-comores.com\/json\/wp\/v2\/media\/3598"}],"wp:attachment":[{"href":"https:\/\/masiwa-comores.com\/json\/wp\/v2\/media?parent=3596"}],"wp:term":[{"taxonomy":"category","embeddable":true,"href":"https:\/\/masiwa-comores.com\/json\/wp\/v2\/categories?post=3596"},{"taxonomy":"post_tag","embeddable":true,"href":"https:\/\/masiwa-comores.com\/json\/wp\/v2\/tags?post=3596"}],"curies":[{"name":"wp","href":"https:\/\/api.w.org\/{rel}","templated":true}]}}