{"id":3579,"date":"2019-06-21T11:02:11","date_gmt":"2019-06-21T08:02:11","guid":{"rendered":"https:\/\/masiwa-comores.com\/?p=3579"},"modified":"2019-06-21T11:02:11","modified_gmt":"2019-06-21T08:02:11","slug":"coi-reflexions-autour-de-la-securite-maritime-dans-locean-indien","status":"publish","type":"post","link":"https:\/\/masiwa-comores.com\/non-classe\/coi-reflexions-autour-de-la-securite-maritime-dans-locean-indien\/","title":{"rendered":"COI, R\u00e9flexions autour de la s\u00e9curit\u00e9 maritime dans l\u2019oc\u00e9an Indien"},"content":{"rendered":"<p><strong>La commission de l\u2019oc\u00e9an indien (COI) a r\u00e9uni ses principaux partenaires (l\u2019Union europ\u00e9enne, les \u00c9tats riverains d\u2019Afrique orientale et australe, entre autres) les 18, 19 et 20juin 2019 \u00e0 Balaclava (R\u00e9publique de Maurice) pour d\u2019une part, la deuxi\u00e8me session de la Conf\u00e9rence minist\u00e9rielle sur la s\u00e9curit\u00e9 maritime dans l\u2019oc\u00e9an Indien, le 19 juin. La R\u00e9publique de Maurice a accueilli cette conf\u00e9rence pour la deuxi\u00e8me fois depuis avril 2018. D\u2019autre part, le 20 juin a lieu la 22<sup>e<\/sup> session pl\u00e9ni\u00e8re du Groupe de Contact sur la piraterie au large des c\u00f4tes somaliennes.<\/strong>\u00a0<em>par Kalmachi Abdallah<\/em><\/p>\n<p>[ihc-hide-content ihc_mb_type=&#8221;show&#8221; ihc_mb_who=&#8221;2,3,4,5,6,9&#8243; ihc_mb_template=&#8221;1&#8243; ]<\/p>\n<p><strong>Une conf\u00e9rence de tr\u00e8s haut niveau<\/strong><\/p>\n<p>De nombreuses d\u00e9l\u00e9gations venues de tous les continents ont particip\u00e9 \u00e0 ces r\u00e9unions, ce qui montre que la s\u00e9curit\u00e9 dans l\u2019oc\u00e9an Indien pr\u00e9occupe plusieurs pays et organisations. En plus des cinq pays de la COI, on y trouvait l\u2019Australie, la Chine, huit pays de l\u2019Union euro\u00e9enne, le Japon, Russie, \u00c9gypte, Arabie Saoudite, \u00c9tats-Unis, Tanzanie\u2026 Le ministre des affaires \u00e9trang\u00e8res comorien \u00e9tait absent, les Comores \u00e9taient repr\u00e9sent\u00e9es par le Directeur de cabinet, charg\u00e9 de la d\u00e9fense, Youssouf Mohamed dit Belou.<\/p>\n<p>Cette conf\u00e9rence devait permettre \u00e0 la COIet \u00e0 l\u2019Union europ\u00e9enne d\u2019\u00e9valuer l\u2019application des d\u00e9cisions prises lors de la premi\u00e8re conf\u00e9rence. Il s\u2019agit pour ces organisations de trouver des solutions pour rem\u00e9dier aux probl\u00e8mesde s\u00e9curit\u00e9 maritime qui surviennent dans la r\u00e9gion de l\u2019Afrique orientale et australe et de l\u2019oc\u00e9an Indien.<\/p>\n<p><strong>Contrer les pirates somaliens<\/strong><\/p>\n<p>La commission de l\u2019oc\u00e9an indien soul\u00e8ve les probl\u00e8mes li\u00e9s \u00e0 la r\u00e9gion \u00e0 savoir la piraterie au large de la Somalie, l\u2019acheminement de drogues, lap\u00eacheill\u00e9gale, l\u2019influencemilitaire\u00e9trang\u00e8re dans la zone, la pollution de l\u2019environnement, les catastrophes naturelles. Ces questions ont \u00e9t\u00e9 trait\u00e9es pendant la conf\u00e9rence. Les attaques des navires marchands,des p\u00e9troliers par les pirates somaliens r\u00e9duisent le commerce et d\u00e9stabilisent la r\u00e9gion de l\u2019oc\u00e9an Indien occidental.<\/p>\n<p>L\u2019Union europ\u00e9enne qui a pr\u00e9vu un volet lutte contre la piraterieet la COI ne cessent de s\u2019attaquer \u00e0 ces divers ph\u00e9nom\u00e8nes et pr\u00e9voient de lutter davantage pour la s\u00e9curit\u00e9 maritime au large de la Somalie et dans la r\u00e9gion sud-ouest de l\u2019 oc\u00e9an indien. Les deux organisations qui placent leurs actions dans le cadre des initiatives de l\u2019ONU entendent garantir la s\u00e9curit\u00e9 maritime dans la zone \u00e0 long terme.<\/p>\n<p><strong>La coordination pour s\u00e9curiser<\/strong><\/p>\n<p>Le 19 juin, les pays pr\u00e9sents ont appel\u00e9 \u00ab\u00a0\u00e0 une coordination des initiatives\u00a0\u00bb en d\u00e9signant une \u00ab\u00a0organisation intergouvernementale de l\u2019Afrique orientale et australe et de l\u2019oc\u00e9an indien\u00a0\u00bb pour s\u2019en charger. Ils en appellent \u00e9galement \u00e0 des coordinations nationales, \u00e0 l\u2019int\u00e9rieur des pays, aux \u00e9changes d\u2019informations entre les nations et avec l\u2019ONU. Des initiatives ont \u00e9t\u00e9 \u00e9voqu\u00e9es pour lutter contre la piraterie ou le blanchiment de l\u2019argent sale, mais aussi la p\u00eache ill\u00e9gale.<\/p>\n<p>Comme le dit le Secr\u00e9taire g\u00e9n\u00e9ral de la COI, Hamada Madi Bol\u00e9ro dans son discours d\u2019ouverture, le 18 juin, l\u2019engagement de tous \u00ab\u00a0exprime la place centrale que tient l\u2019oc\u00e9an Indiensur l\u2019\u00e9chiquier g\u00e9opolitique mondial. Et pour cause\u00a0: notre grande r\u00e9gion est travers\u00e9e par des autoroutes maritimes internationales repr\u00e9sentant 70% du commerce international d\u2019hydrocarbures et pr\u00e8s de la moiti\u00e9 du trafic maritime marchand\u00a0mondial.\u00bb<\/p>\n<p>Hamada Madi Bol\u00e9ro appelle d\u2019autres pays \u00e0 venir renforcer cette lutte contre les menaces qui p\u00e8sent dans l\u2019oc\u00e9an Indien et il devrait \u00eatre entendu vu le nombre d\u2019organisations pr\u00e9sentes.<\/p>\n<p>Le 20 juin, les travaux de la 22e session pl\u00e9ni\u00e8re du Groupe de contact sur la piraterie au large des c\u00f4tes somaliennesse sont poursuivis. Le Kenya a remplac\u00e9 la Suisse pour la pr\u00e9sidence du groupe.<\/p>\n<p>Cette conf\u00e9rence qui a r\u00e9uni autant d\u2019organisations et pays en dehors de la COI et m\u00eame de l\u2019oc\u00e9an Indien donne une image forte de l\u2019organisation r\u00e9gionale. Pourtant, il y a quelques ann\u00e9es, on se posait la question de son existence et de son utilit\u00e9.<\/p>\n<p>&nbsp;<\/p>\n<p>[\/ihc-hide-content]<\/p>\n","protected":false},"excerpt":{"rendered":"<p>La commission de l\u2019oc\u00e9an indien (COI) a r\u00e9uni ses principaux partenaires (l\u2019Union europ\u00e9enne, les \u00c9tats riverains d\u2019Afrique orientale et australe, entre autres) les 18, 19 et 20juin 2019 \u00e0 Balaclava (R\u00e9publique de Maurice) pour d\u2019une part, la deuxi\u00e8me session de la Conf\u00e9rence minist\u00e9rielle sur la s\u00e9curit\u00e9 maritime dans l\u2019oc\u00e9an Indien, le 19 juin. La R\u00e9publique [&hellip;]<\/p>\n","protected":false},"author":15,"featured_media":3581,"comment_status":"open","ping_status":"open","sticky":false,"template":"","format":"standard","meta":{"footnotes":""},"categories":[],"tags":[],"class_list":["post-3579","post","type-post","status-publish","format-standard","has-post-thumbnail","hentry"],"_links":{"self":[{"href":"https:\/\/masiwa-comores.com\/json\/wp\/v2\/posts\/3579","targetHints":{"allow":["GET"]}}],"collection":[{"href":"https:\/\/masiwa-comores.com\/json\/wp\/v2\/posts"}],"about":[{"href":"https:\/\/masiwa-comores.com\/json\/wp\/v2\/types\/post"}],"author":[{"embeddable":true,"href":"https:\/\/masiwa-comores.com\/json\/wp\/v2\/users\/15"}],"replies":[{"embeddable":true,"href":"https:\/\/masiwa-comores.com\/json\/wp\/v2\/comments?post=3579"}],"version-history":[{"count":1,"href":"https:\/\/masiwa-comores.com\/json\/wp\/v2\/posts\/3579\/revisions"}],"predecessor-version":[{"id":3582,"href":"https:\/\/masiwa-comores.com\/json\/wp\/v2\/posts\/3579\/revisions\/3582"}],"wp:featuredmedia":[{"embeddable":true,"href":"https:\/\/masiwa-comores.com\/json\/wp\/v2\/media\/3581"}],"wp:attachment":[{"href":"https:\/\/masiwa-comores.com\/json\/wp\/v2\/media?parent=3579"}],"wp:term":[{"taxonomy":"category","embeddable":true,"href":"https:\/\/masiwa-comores.com\/json\/wp\/v2\/categories?post=3579"},{"taxonomy":"post_tag","embeddable":true,"href":"https:\/\/masiwa-comores.com\/json\/wp\/v2\/tags?post=3579"}],"curies":[{"name":"wp","href":"https:\/\/api.w.org\/{rel}","templated":true}]}}