{"id":3519,"date":"2019-06-14T09:37:19","date_gmt":"2019-06-14T06:37:19","guid":{"rendered":"https:\/\/masiwa-comores.com\/?p=3519"},"modified":"2019-06-14T09:37:19","modified_gmt":"2019-06-14T06:37:19","slug":"jack-lavane-meneur-du-mouvement-diaspora-les-enjeux-sont-enormes-et-notre-combat-en-vaut-la-peine","status":"publish","type":"post","link":"https:\/\/masiwa-comores.com\/non-classe\/jack-lavane-meneur-du-mouvement-diaspora-les-enjeux-sont-enormes-et-notre-combat-en-vaut-la-peine\/","title":{"rendered":"JACK LAVANE, MENEUR DU MOUVEMENT DIASPORA+ : \u00ab LES ENJEUX SONT ENORMES ET NOTRE COMBAT EN VAUT LA PEINE \u00bb."},"content":{"rendered":"<p><strong>L\u2019autre diaspora. Ainsi pourrait-on nommer ce mouvement initi\u00e9 par Jack Lavane qui semble aller \u00e0 contre-courant \u00a0des manifestations de la diaspora organis\u00e9es dans les grandes villes de France depuis deux mois.\u00ab\u00a0Diaspora positive\u00a0\u00bb. Pourquoi lui et ses amis ont choisi de se d\u00e9marquer des revendications l\u00e9gitimes de leurs compatriotes de la diaspora qui revendiquent le r\u00e9tablissement de l\u2019\u00c9tat de droit et le respect de l\u2019expression populaire\u00a0? Dans l\u2019interview qui suit, celui qui a longtemps combattu les travers des divers gouvernements comoriens en France, Jack Lavane, nous explique les tenants et aboutissants de son mouvement.\u00a0<\/strong><em>Propos recueillis par Mahmoud Ibrahime et Faissoili Abdou<\/em><\/p>\n<p>[ihc-hide-content ihc_mb_type=&#8221;show&#8221; ihc_mb_who=&#8221;2,3,4,5,6,9&#8243; ihc_mb_template=&#8221;1&#8243; ]<\/p>\n<p><strong>\u00a0<\/strong><strong>Masiwa -Jack Lavane, quels sont les objectifs de la \u00ab\u00a0diaspora+\u00a0\u00bb et d\u2019o\u00f9 vient cette d\u00e9marche\u00a0? Que reprochez-vous aux manifestants\u00a0de la diaspora ?<\/strong><\/p>\n<p><strong>Jack Lavane &#8211;<\/strong>Le projet de la Diaspora positive veut apporter des r\u00e9ponses concr\u00e8tes aux probl\u00e9matiques et dol\u00e9ances de la Diaspora Comorienne dans son ensemble\u00a0:<\/p>\n<p>A\/ Exemple\u00a0:<\/p>\n<p>&#8211; La chert\u00e9 des billets d\u2019avion \u00e0 destination des Comores,<\/p>\n<p>&#8211; R\u00e9vision et r\u00e8glementation des taxes douani\u00e8res relatives \u00e0 la Diaspora,<\/p>\n<p>&#8211; Facilitation des d\u00e9marches administratives de la Diaspora, aussi bien en France et aux Comores (cr\u00e9ation d\u2019un guichet unique, am\u00e9lioration des proc\u00e9dures administratives dans les ambassades des Comores \u00e0 l\u2019ext\u00e9rieur),<\/p>\n<p>&#8211; Reconnaissance l\u00e9gale de la Diaspora et de ses Droits (exprimer sa volont\u00e9 aux diff\u00e9rents scrutins),<\/p>\n<p>&#8211; Et de nombreuses autres revendications \u00e0 exprimer.<\/p>\n<p>B\/ Les manifestations sont un Droit, mais manifester et apr\u00e8s\u00a0? \u2026.<\/p>\n<p>Nous souhaitons d\u00e9passer ce stade pour proposer des solutions concr\u00e8tes aux diff\u00e9rentes revendications \u00e9ternelles de la Diaspora\u00a0: c\u2019est un combat de longue date et il est temps d\u2019agir.<\/p>\n<p><strong>Masiwa -Est-ce que vous \u00eates conscient que c\u2019est une aide que vous apportez au gouvernement en place aux Comores\u00a0?<\/strong><\/p>\n<p><strong>Jack Lavane &#8211;<\/strong>Si c\u2019est une aide qu\u2019on apporte au gouvernement en place alors on a aid\u00e9 tous les pouvoirs en place depuis les ann\u00e9es 80. La Diaspora reste l\u2019unique victime de cette inaction et il est temps de r\u00e9parer cette injustice.<\/p>\n<p>Dire que nous aidons le gouvernement est une h\u00e9r\u00e9sie, car aucun pouvoir n\u2019a d\u00e9j\u00e0 eu une oreille attentive aux dol\u00e9ances de la Diaspora\u00a0: nous sommes malheureusement \u00ab\u00a0la vache \u00e0 lait\u00a0\u00bb des diff\u00e9rents r\u00e9gimes.<\/p>\n<p><strong>Masiwa -Quels rapports entretenez-vous avec le gouvernement en place\u00a0? \u00cates-vous favorable \u00e0 ce gouvernement ou un oppos\u00e9\u00a0?<\/strong><\/p>\n<p><strong>Jack Lavane &#8211;<\/strong>Nous n\u2019avons pas de lien politique avec le gouvernement en place, face au chaos politique que traverse notre pays, nous avons pris l\u2019initiative d\u2019agir autrement en entamant des ateliers de r\u00e9flexions dans toute la France pour mieux cerner les dol\u00e9ances de la Diaspora et ouvrir des n\u00e9gociations avec l\u2019Etat sur un projet concret port\u00e9 par des acteurs du changement.<\/p>\n<p>Nous voyons d\u2019un bon \u0153il, le fait que le chef de l\u2019\u00e9tat AZALI ASSOUMANI a soulign\u00e9 son int\u00e9r\u00eat d\u2019acc\u00e9der aux dol\u00e9ances de la Diaspora lors de son discours d\u2019investiture et nous comptons agir dans ce sens pour b\u00e2tir une Diaspora active et responsable.<\/p>\n<p><strong>Masiwa -Est-ce que vous soutenez le chef de l\u2019Etat Azali Assoumani parce que votre belle m\u00e8re est la pr\u00e9sidente de la section de la Cour supr\u00eame qui a valid\u00e9 son \u00e9lection contest\u00e9e\u00a0?<\/strong><\/p>\n<p><strong>Jack Lavane &#8211;<\/strong>Notre dynamique rassemble la Diaspora venant de diff\u00e9rents horizons politiques et n\u2019a pas de place pour les petites consid\u00e9rations et influences familiales\u00a0: cela n\u2019est pas dans notre \u00e9thique.<\/p>\n<p>Mes camarades et moi avons d\u00e9cid\u00e9 de travailler d\u2019une mani\u00e8re objective, efficace et transparente en faveur d\u2019une Diaspora forte et uniquement qu\u2019avec la Diaspora.<\/p>\n<p><strong>Masiwa -Que comptez-vous apporter \u00e0 la diaspora avec ce nouveau mouvement\u00a0?<\/strong><\/p>\n<p><strong>Jack Lavane &#8211;<\/strong>Nous comptons avec cette dynamique, apporter \u00e0 notre pays un nouveau souffle, un projet ambitieux et des avanc\u00e9es positives de notre Diaspora qui s\u2019inscriront dans l\u2019histoire inch Allah.<\/p>\n<p>C\u2019est pourquoi nous fixons un rendez-vous avec l\u2019histoire d\u2019organiser des \u00c9tats g\u00e9n\u00e9raux de la Diaspora\u00e0 Moroni du 3 ao\u00fbt au 9 ao\u00fbt 2019 pour agir et donner des r\u00e9ponses concr\u00e8tes aux revendications de notre Diaspora\u00a0: les enjeux sont \u00e9normes et notre combat en vaut la peine.<\/p>\n<p>&nbsp;<\/p>\n<p>&nbsp;<\/p>\n<p>[\/ihc-hide-content]<\/p>\n","protected":false},"excerpt":{"rendered":"<p>L\u2019autre diaspora. Ainsi pourrait-on nommer ce mouvement initi\u00e9 par Jack Lavane qui semble aller \u00e0 contre-courant \u00a0des manifestations de la diaspora organis\u00e9es dans les grandes villes de France depuis deux mois.\u00ab\u00a0Diaspora positive\u00a0\u00bb. Pourquoi lui et ses amis ont choisi de se d\u00e9marquer des revendications l\u00e9gitimes de leurs compatriotes de la diaspora qui revendiquent le r\u00e9tablissement [&hellip;]<\/p>\n","protected":false},"author":15,"featured_media":3521,"comment_status":"open","ping_status":"open","sticky":false,"template":"","format":"standard","meta":{"footnotes":""},"categories":[],"tags":[],"class_list":["post-3519","post","type-post","status-publish","format-standard","has-post-thumbnail","hentry"],"_links":{"self":[{"href":"https:\/\/masiwa-comores.com\/json\/wp\/v2\/posts\/3519","targetHints":{"allow":["GET"]}}],"collection":[{"href":"https:\/\/masiwa-comores.com\/json\/wp\/v2\/posts"}],"about":[{"href":"https:\/\/masiwa-comores.com\/json\/wp\/v2\/types\/post"}],"author":[{"embeddable":true,"href":"https:\/\/masiwa-comores.com\/json\/wp\/v2\/users\/15"}],"replies":[{"embeddable":true,"href":"https:\/\/masiwa-comores.com\/json\/wp\/v2\/comments?post=3519"}],"version-history":[{"count":1,"href":"https:\/\/masiwa-comores.com\/json\/wp\/v2\/posts\/3519\/revisions"}],"predecessor-version":[{"id":3522,"href":"https:\/\/masiwa-comores.com\/json\/wp\/v2\/posts\/3519\/revisions\/3522"}],"wp:featuredmedia":[{"embeddable":true,"href":"https:\/\/masiwa-comores.com\/json\/wp\/v2\/media\/3521"}],"wp:attachment":[{"href":"https:\/\/masiwa-comores.com\/json\/wp\/v2\/media?parent=3519"}],"wp:term":[{"taxonomy":"category","embeddable":true,"href":"https:\/\/masiwa-comores.com\/json\/wp\/v2\/categories?post=3519"},{"taxonomy":"post_tag","embeddable":true,"href":"https:\/\/masiwa-comores.com\/json\/wp\/v2\/tags?post=3519"}],"curies":[{"name":"wp","href":"https:\/\/api.w.org\/{rel}","templated":true}]}}