{"id":3343,"date":"2019-05-15T06:57:27","date_gmt":"2019-05-15T03:57:27","guid":{"rendered":"https:\/\/masiwa-comores.com\/?p=3343"},"modified":"2019-05-15T06:57:27","modified_gmt":"2019-05-15T03:57:27","slug":"ne-tirez-pas-sur-a-a-a","status":"publish","type":"post","link":"https:\/\/masiwa-comores.com\/non-classe\/ne-tirez-pas-sur-a-a-a\/","title":{"rendered":"NE TIREZ PAS SUR A.A.A"},"content":{"rendered":"<p><strong>La nomination du journaliste Ahmed Ali Amir pour diriger la communication de la pr\u00e9sidence et du gouvernement, remue le milieu de la presse comorienne. Mais plus que son libre choix, c\u2019est le profil de ce poste in\u00e9dit qui fait d\u00e9bat.\u00a0<\/strong><em>Kamal\u2019Eddine Saindou<\/em><\/p>\n<p>C\u2019est sur sa page Facebook que le journaliste a annonc\u00e9 sa nomination, bien avant que soit rendu public le d\u00e9cret pr\u00e9sidentiel le confirmant \u00e0 ce nouveau poste. Observateur averti des r\u00e9alit\u00e9s comoriennes, Ahmed Ali Amir savait que dans un contexte politique de brouille entre l\u2019ex\u00e9cutif et les m\u00e9dias qui a fait chuter les Comores au classement des pays respectant la libert\u00e9 de la presse, sa \u00ab\u00a0conversion\u00a0\u00bb provoquerait quelques envol\u00e9es de bois verts qu\u2019il devait parer en prenant les devants pour expliquer les raisons de sa d\u00e9cision et ce qu\u2019il entend faire depuis ses nouveaux bureaux de Beit-Salam. De quoi rassurer peut-\u00eatre qu\u2019avec lui, ce sera fini avec le discours va-t-en-guerre d\u2019une communication officielle ignorant l\u2019art de l\u2019explication et de la persuasion.<\/p>\n<p>Si l\u2019ex-patron d\u2019Al-Watwan dresse un constat lucide d\u2019une communication gouvernementale sans queue ni t\u00eate, pour justifier sa d\u00e9cision d\u2019accepter ce nouveau \u00ab\u00a0challenge\u00a0\u00bb, l\u2019on peut lui reprocher le p\u00e9ch\u00e9 du m\u00e9lange des genres. Laisser l\u2019illusion au pouvoir ex\u00e9cutif qu\u2019en enr\u00f4lant des \u00e9minents journalistes dans sa sph\u00e8re, garantit au pays la libert\u00e9 et la prosp\u00e9rit\u00e9 de la presse, c\u2019est ignorer que la libert\u00e9 de la presse comme la libert\u00e9 tout court, ne se d\u00e9cr\u00e8tent pas d\u2019en haut, mais s\u2019arrachent d\u2019en bas dans un combat permanent pour faire \u00e9merger des contre-pouvoirs. Que le gouvernement s\u2019attache \u00e0 am\u00e9liorer sa communication par une coordination de ses supports d\u2019information et le perfectionnement de ses comp\u00e9tences, ne peut \u00eatre que souhaitable aussi pour la presse, dont la qualit\u00e9 du travail suppose des sources d\u2019informations officielles fiables et cr\u00e9dibles. Ce serait en revanche risqu\u00e9 de d\u00e9pouiller les journalistes de leurs propres instances de revendications et de r\u00e9flexions sur l\u2019exercice de leur m\u00e9tier en pr\u00eachant leur concentration dans un organe de pilotage aux mains de l\u2019ex\u00e9cutif. C\u2019est tout le contraire de l\u2019horizontalit\u00e9.<\/p>\n<p>Apr\u00e8s 24 ans d\u2019engagement pour la libert\u00e9 de la presse et d\u2019exp\u00e9rience professionnelle dont une bonne partie \u00e0 la t\u00eate du journal d\u2019Etat, Ahmed Ali Amir conna\u00eet plus que quiconque les maux de la presse et des m\u00e9dias comoriens que sont la pr\u00e9carit\u00e9 &#8211; faute d\u2019une \u00e9conomie des m\u00e9dias-, l\u2019incomp\u00e9tence professionnelle cons\u00e9quence de l\u2019inexistence de fili\u00e8res de formation en journalisme dans le pays, le client\u00e9lisme politique dans les recrutements au sein des m\u00e9dias publics, la concentration des moyens d\u2019information et l\u2019interventionnisme outrancier de la sph\u00e8re politique dans les choix \u00e9ditoriaux. A quoi s\u2019ajoutent le manque de vision sur les politiques de l\u2019information et les choix inop\u00e9rants des infrastructures de communication. Autant de domaines relevant de sp\u00e9cialit\u00e9s techniques et de dispositions juridiques auxquelles les politiques n\u2019ont cure. Les r\u00e9ticences de l\u2019ex\u00e9cutif \u00e0 se saisir du nouveau\u00a0 projet de code de la communication et de l\u2019information qui a r\u00e9uni des comp\u00e9tences locales et internationales dans son \u00e9laboration et la difficult\u00e9 des politiques \u00e0 admettre l\u2019ind\u00e9pendance et l\u2019autorit\u00e9 de l\u2019instance nationale de r\u00e9gulation des m\u00e9dias, apportent la preuve vivante que la soci\u00e9t\u00e9 a encore un long combat \u00e0 mener pour arracher ses libert\u00e9s.<\/p>\n<p>Qu\u2019est-ce donc que\u00a0 cette \u00ab\u00a0Coordination de la communication et de la presse de la pr\u00e9sidence et du gouvernement\u00a0\u00bb, dont l\u2019intitul\u00e9 tout autant que les missions qui lui sont assign\u00e9es, pr\u00eatent \u00e0 confusion. A moins de pr\u00e9parer la suppression future du minist\u00e8re de l\u2019information, ce nouveau lieu\u00a0 \u00ab\u00a0de conception et d\u2019\u00e9laboration\u00a0\u00bb de la communication et de l\u2019information de la pr\u00e9sidence et du gouvernement promet de jolis conflits de comp\u00e9tences entre ces deux niveaux de d\u00e9cision. Avec ce palier suppl\u00e9mentaire de l\u2019\u00e9chafaudage, l\u2019on est aussi en droit de se demander ce que sera la place de l\u2019instance de r\u00e9gulation\u00a0?<\/p>\n<p>Ahmed Ali Amir a \u00e9t\u00e9 de tous les combats pour la libert\u00e9 d\u2019expression et fait partie des figures repr\u00e9sentatives de la presse comorienne. Patron du journal d\u2019Etat durant plusieurs ann\u00e9es, il conna\u00eet les forces et les faiblesses des politiques d\u2019information mises en \u0153uvre au cours de ses deux d\u00e9cennies de carri\u00e8re professionnelle. Comme il le dit lui-m\u00eame, on lui doit l\u2019essentiel des \u00e9volutions du journal Al-Watwan. S\u2019il n\u2019y a donc pas lieu de douter de ses capacit\u00e9s \u00e0 faire bouger les lignes, les journalistes peuvent compter sur une oreille attentive qui entend leurs plaintes en haut lieu et sur un esprit qui comprend leur langage. Mais de gr\u00e2ce, marquez sur le fronton de la nouvelle coordination, que la libert\u00e9 et la prosp\u00e9rit\u00e9 de la presse ne sont jamais un don, mais le r\u00e9sultat d\u2019une construction de contre-pouvoirs.<\/p>\n","protected":false},"excerpt":{"rendered":"<p>La nomination du journaliste Ahmed Ali Amir pour diriger la communication de la pr\u00e9sidence et du gouvernement, remue le milieu de la presse comorienne. Mais plus que son libre choix, c\u2019est le profil de ce poste in\u00e9dit qui fait d\u00e9bat.\u00a0Kamal\u2019Eddine Saindou C\u2019est sur sa page Facebook que le journaliste a annonc\u00e9 sa nomination, bien avant [&hellip;]<\/p>\n","protected":false},"author":15,"featured_media":3344,"comment_status":"open","ping_status":"open","sticky":false,"template":"","format":"standard","meta":{"footnotes":""},"categories":[],"tags":[],"class_list":["post-3343","post","type-post","status-publish","format-standard","has-post-thumbnail","hentry"],"_links":{"self":[{"href":"https:\/\/masiwa-comores.com\/json\/wp\/v2\/posts\/3343","targetHints":{"allow":["GET"]}}],"collection":[{"href":"https:\/\/masiwa-comores.com\/json\/wp\/v2\/posts"}],"about":[{"href":"https:\/\/masiwa-comores.com\/json\/wp\/v2\/types\/post"}],"author":[{"embeddable":true,"href":"https:\/\/masiwa-comores.com\/json\/wp\/v2\/users\/15"}],"replies":[{"embeddable":true,"href":"https:\/\/masiwa-comores.com\/json\/wp\/v2\/comments?post=3343"}],"version-history":[{"count":1,"href":"https:\/\/masiwa-comores.com\/json\/wp\/v2\/posts\/3343\/revisions"}],"predecessor-version":[{"id":3345,"href":"https:\/\/masiwa-comores.com\/json\/wp\/v2\/posts\/3343\/revisions\/3345"}],"wp:featuredmedia":[{"embeddable":true,"href":"https:\/\/masiwa-comores.com\/json\/wp\/v2\/media\/3344"}],"wp:attachment":[{"href":"https:\/\/masiwa-comores.com\/json\/wp\/v2\/media?parent=3343"}],"wp:term":[{"taxonomy":"category","embeddable":true,"href":"https:\/\/masiwa-comores.com\/json\/wp\/v2\/categories?post=3343"},{"taxonomy":"post_tag","embeddable":true,"href":"https:\/\/masiwa-comores.com\/json\/wp\/v2\/tags?post=3343"}],"curies":[{"name":"wp","href":"https:\/\/api.w.org\/{rel}","templated":true}]}}