{"id":3289,"date":"2019-05-10T08:59:11","date_gmt":"2019-05-10T05:59:11","guid":{"rendered":"https:\/\/masiwa-comores.com\/?p=3289"},"modified":"2019-05-10T08:59:11","modified_gmt":"2019-05-10T05:59:11","slug":"kiki-suspend-le-championnat-de-foot-pendant-le-ramadan","status":"publish","type":"post","link":"https:\/\/masiwa-comores.com\/non-classe\/kiki-suspend-le-championnat-de-foot-pendant-le-ramadan\/","title":{"rendered":"Kiki suspend le championnat de foot pendant le ramadan"},"content":{"rendered":"<p><strong>Alors que la f\u00e9d\u00e9ration et la ligue comptaient se soumettre aux r\u00e8gles de la FIFA sur le calendrier, le ministre de l\u2019int\u00e9rieur a pris la d\u00e9cision de suspendre, le temps du ramadan, le championnat de foot et diligent\u00e9 une enqu\u00eate. Il a aussi fait part de l\u2019intention du gouvernement d\u2019organiser une c\u00e9r\u00e9monie en reconnaissance du travail accompli par les journalistes et la MOSC durant la crise li\u00e9e \u00e0 Kenneth.\u00a0<\/strong><em>Par BIM<\/em><\/p>\n<p>[ihc-hide-content ihc_mb_type=&#8221;show&#8221; ihc_mb_who=&#8221;2,3,4,5,6,9&#8243; ihc_mb_template=&#8221;1&#8243; ]<\/p>\n<p>Jeudi, le ministre de l\u2019int\u00e9rieur a annonc\u00e9 la suspension du championnat de football, ce durant le mois de ramadan. Une mesure qui tombe peu apr\u00e8s la d\u00e9cision de la f\u00e9d\u00e9ration et de la ligue de se conformer aux nouvelles dispositions r\u00e9glementaires de la CAF (Conf\u00e9d\u00e9ration Africaine de Football), pour cause de saison transitionnelle des calendriers des comp\u00e9titions. Ce qui devait se traduire par la fin des championnats nationaux en mai. Sauf que la ligue nationale n\u2019avait pas pris en compte la p\u00e9riode du ramadan et pris les mesures idoines bien avant et donc proposait de continuer la comp\u00e9tition en ce mois b\u00e9ni.<br \/>\nInadmissible dans un pays musulman et incitation \u00e0 l\u2019inobservation du je\u00fbne, r\u00e9torque Mohamed Daoudou. \u00abO\u00f9 avez-vous vu un championnat en plein mois de ramadan dans un pays musulman? Veulent-ils que les \u00e9quipes n\u2019observent-elles pas le je\u00fbne?\u00bb s\u2019interroge-t-il? \u00abVous allez encore nous accuser de limiter les libert\u00e9s, mais si il faille passer par l\u00e0 pour faire respecter la religion, qu\u2019il en soit ainsi\u00bb affirme-t-il tr\u00e8s d\u00e9termin\u00e9. Il pr\u00e9vient: \u00abNous avons mis en place une commission pour enqu\u00eater sur les motivations de l\u2019organisation de la comp\u00e9tition. Et il y aura des sanctions pour les organisateurs\u00bb.<br \/>\nInterrog\u00e9 sur les cons\u00e9quences d\u2019une telle d\u00e9cision par rapport \u00e0 la CAF, imperturbable, il assume. \u00abPeu importe les cons\u00e9quences, rien ne vaut le respect de la religion\u00bb.<br \/>\nQuant \u00e0 la possibilit\u00e9 de faire jouer les matchs en nocturne, le ministre fait observer\u00a0: \u00ab\u00a0Si c\u2019est pour dire que je privil\u00e9gie Moroni en y faisant jouer tous les matchs, il n\u2019en est pas question. Les matchs, en principe, se d\u00e9roulent sur tous les terrains. Il n\u2019 y a qu\u2019\u00e0 Moroni o\u00f9 jouer en nocturne est possible. Il y a aussi le nouveau Stade, mais, il n\u2019est pas encore inaugur\u00e9. Donc, le championnat reprendra \u00e0 la fin du ramadan\u00bb.<br \/>\nS\u2019il est vrai qu\u2019une tr\u00eave du ramadan a \u00e9t\u00e9 toujours respect\u00e9 sur le plan national, il n\u2019en demeure pas moins que ce n\u2019 est pas une g\u00e9n\u00e9ralit\u00e9. Des footballeurs musulmans \u00e9voluent dans des championnats, parfois je\u00fbnent et jouent. M\u00eame les c\u0153lacanthes, au moins par deux fois, selon le journaliste sportif Elie Djoumoi, contre la Zimbabwe \u00e0 Mitsamihouli en 2012 et le Malawi en 2019 \u00e0 l\u2019ext\u00e9rieur l\u2019ont fait. Le ministre a raison sur une chose; tous les joueurs ne peuvent pas je\u00fbner.<\/p>\n<p>Autre annonce, Mohamed Daoudou a inform\u00e9 les journalistes que le gouvernement envisage \u00ab\u00a0d\u2019organiser une c\u00e9r\u00e9monie, en reconnaissance de la contribution inestimable et d\u00e9cisive des m\u00e9dias lors de la crise li\u00e9e \u00e0 la temp\u00eate tropicale. Les Comoriens ne s\u2019en rendent pas encore compte, mais les journalistes font partie de ceux qui ont agi de tel sorte que les d\u00e9g\u00e2ts soient limit\u00e9s. Plus de 12 d\u2019entre eux ont depuis l\u2019alerte, le 23 jusqu\u2019\u00e0 la fin de op\u00e9rations, travaill\u00e9 sans rel\u00e2che, du matin jusqu\u2019au soir, par les live, les reportages et les couvertures, assur\u00e9 la diffusion des informations, pr\u00e9venu la population et accompagn\u00e9 les autorit\u00e9s. Ce travail accompli m\u00e9rite reconnaissance\u00a0\u00bb, confie-t-il.<br \/>\nIl ajoute\u00a0: \u00abNous envisageons \u00e9galement d\u2019accompagner les m\u00e9dias dans leur \u00e9panouissement, parce que c\u2019est n\u00e9cessaire et vous jouez un r\u00f4le important dans le maintien de la paix et de la stabilit\u00e9 dans ce pays, m\u00eame si certains d\u2019entre vous s\u2019\u00e9garent, c\u2019est aussi dans l\u2019ordre des choses\u00a0; parce que vous voyez m\u00eame les cinq doigts de la main ne sont pas \u00e9gaux. Mais pour le moment ce qui prime c\u2019est la reconnaissance de la nation aux journalistes et \u00e0 la MOSC (Maison des Organisations de la Soci\u00e9t\u00e9 Civile).<\/p>\n<p>&nbsp;<\/p>\n<p>[\/ihc-hide-content]<\/p>\n","protected":false},"excerpt":{"rendered":"<p>Alors que la f\u00e9d\u00e9ration et la ligue comptaient se soumettre aux r\u00e8gles de la FIFA sur le calendrier, le ministre de l\u2019int\u00e9rieur a pris la d\u00e9cision de suspendre, le temps du ramadan, le championnat de foot et diligent\u00e9 une enqu\u00eate. Il a aussi fait part de l\u2019intention du gouvernement d\u2019organiser une c\u00e9r\u00e9monie en reconnaissance du [&hellip;]<\/p>\n","protected":false},"author":15,"featured_media":0,"comment_status":"open","ping_status":"open","sticky":false,"template":"","format":"standard","meta":{"footnotes":""},"categories":[],"tags":[],"class_list":["post-3289","post","type-post","status-publish","format-standard","hentry"],"_links":{"self":[{"href":"https:\/\/masiwa-comores.com\/json\/wp\/v2\/posts\/3289","targetHints":{"allow":["GET"]}}],"collection":[{"href":"https:\/\/masiwa-comores.com\/json\/wp\/v2\/posts"}],"about":[{"href":"https:\/\/masiwa-comores.com\/json\/wp\/v2\/types\/post"}],"author":[{"embeddable":true,"href":"https:\/\/masiwa-comores.com\/json\/wp\/v2\/users\/15"}],"replies":[{"embeddable":true,"href":"https:\/\/masiwa-comores.com\/json\/wp\/v2\/comments?post=3289"}],"version-history":[{"count":1,"href":"https:\/\/masiwa-comores.com\/json\/wp\/v2\/posts\/3289\/revisions"}],"predecessor-version":[{"id":3291,"href":"https:\/\/masiwa-comores.com\/json\/wp\/v2\/posts\/3289\/revisions\/3291"}],"wp:attachment":[{"href":"https:\/\/masiwa-comores.com\/json\/wp\/v2\/media?parent=3289"}],"wp:term":[{"taxonomy":"category","embeddable":true,"href":"https:\/\/masiwa-comores.com\/json\/wp\/v2\/categories?post=3289"},{"taxonomy":"post_tag","embeddable":true,"href":"https:\/\/masiwa-comores.com\/json\/wp\/v2\/tags?post=3289"}],"curies":[{"name":"wp","href":"https:\/\/api.w.org\/{rel}","templated":true}]}}