{"id":3264,"date":"2019-05-09T06:38:20","date_gmt":"2019-05-09T03:38:20","guid":{"rendered":"https:\/\/masiwa-comores.com\/?p=3264"},"modified":"2019-05-09T06:38:20","modified_gmt":"2019-05-09T03:38:20","slug":"decisions-ou-effets-dannonce","status":"publish","type":"post","link":"https:\/\/masiwa-comores.com\/non-classe\/decisions-ou-effets-dannonce\/","title":{"rendered":"D\u00e9cisions ou effets d\u2019annonce?"},"content":{"rendered":"<p><strong>Les archives du pays doivent pulluler de ces innombrables d\u00e9crets, arr\u00eat\u00e9s, d\u00e9cisions et autres notes suppos\u00e9s r\u00e9gir la soci\u00e9t\u00e9 et qui tombent en d\u00e9su\u00e9tude. On en parle et puis on oublie de l\u2019appliquer ou effectif mais temporairement. Quelques \u00e9l\u00e9ments d\u2019illustration.<\/strong>\u00a0<em>Par ACB<\/em><\/p>\n<p>[ihc-hide-content ihc_mb_type=&#8221;show&#8221; ihc_mb_who=&#8221;2,3,4,5,6,9&#8243; ihc_mb_template=&#8221;1&#8243; ]<\/p>\n<p>Les usagers de la route avaient pris connaissance, il y a bient\u00f4t un an, de nombreuses d\u00e9cisions sur la s\u00e9curit\u00e9 routi\u00e8re. En premi\u00e8re ligne, l\u2019interdiction d\u2019importation de tout v\u00e9hicule \u00e0 volant droit sur le territoire national. Une initiative qui \u00e9tait motiv\u00e9e par une recrudescence des accidents de la circulation dont la plupart impliquaient ces types de voiture.<br \/>\nLe Minist\u00e8re de la s\u00e9curit\u00e9 int\u00e9rieure \u00e9tait plut\u00f4t cat\u00e9gorique sur cette interdiction. Ceux qui en poss\u00e8dent d\u00e9j\u00e0 peuvent continuer \u00e0 en faire usage. Ceux qui attendaient le d\u00e9douanement aussi, devaient les r\u00e9cup\u00e9rer sans aucune obstruction. Mais ceux qui, dor\u00e9navant en importent, sont tenus de respecter la r\u00e9glementation, et donc, choisir le volant gauche.<br \/>\nA Anjouan par exemple, une \u00eele o\u00f9 \u00be des v\u00e9hicules en circulation sont de volant droit, les autorit\u00e9s peuvent-elles emp\u00eacher leur importation?<\/p>\n<p>Autre mesure salutaire et contributive \u00e0 sauver des vies humaines mais pas respect\u00e9e par tout le monde, le port de la ceinture pour les conducteurs et les passagers. Publi\u00e9e un certain 1er avril de l\u2019ann\u00e9e derni\u00e8re, elle concerne le passager du si\u00e8ge avant et le conducteur sous peine d\u2019une contravention. Si la majorit\u00e9 des chauffeurs de taxis portaient leurs ceintures de s\u00e9curit\u00e9, la page facebook \u00ab S\u00e9curit\u00e9 routi\u00e8re Comores \u00bb a constat\u00e9 que \u00ab ce n\u2019est pas la m\u00eame chose avec les v\u00e9hicules de certaines soci\u00e9t\u00e9s d\u2019\u00c9tat, des chauffeurs des officiels et certains chauffeurs des v\u00e9hicules des hommes en uniforme \u00bb, peut-on lire dans une de leurs publications.<br \/>\nLes conducteurs des deux et trois roues, dont le port de casque est exig\u00e9, continuent \u00e0 rouler sur Moroni et le reste du pays sans protection aucune, ni respect du code de la route. Les agents de la brigade routi\u00e8re en sont si souvent t\u00e9moins et rarement ils les interpellent, sauf lors des descentes sp\u00e9cifiques. Si le Minist\u00e8re communique ses d\u00e9cisions sur la s\u00e9curit\u00e9 routi\u00e8re, la police et la gendarmerie nationales unissent leur force pour un contr\u00f4le stricte. Du moins c\u2019est le principe. \u00ab Mais h\u00e9las, depuis un certain moment, le port de ceinture n\u2019est plus respect\u00e9 et cela devient une autre d\u00e9cision banalis\u00e9e par les usagers \u00bb, note encore la page S\u00e9curit\u00e9 Routi\u00e8re Comores.<\/p>\n<p>Et r\u00e9cemment le sport de nuit durant le mois de ramadan. Diff\u00e9rentes cat\u00e9gories de personnes s\u2019amusent sportivement \u00e0 faire le tour de la ville pour leur sant\u00e9. En groupe d\u2019amis, de quartier ou entre coll\u00e8gues de travail, nationaux et r\u00e9sidents \u00e9trangers, le sport de nuit apr\u00e8s le taraweh est presque une tradition ludique. Il se trouve que la derni\u00e8re sortie m\u00e9diatique du Ministre de l\u2019int\u00e9rieur et porte-parole du Gouvernement \u00e0 propos des r\u00e8gles \u00e0 suivre dans ce mois sacr\u00e9 de Ramadan, interdit la pratique du sport de nuit.<br \/>\nCette nouvelle passe mal aupr\u00e8s des habitu\u00e9s. Interrog\u00e9 sur cette interdiction, un m\u00e9decin qui souhaite garder l\u2019anonymat a avou\u00e9 son incompr\u00e9hension face \u00e0 cette d\u00e9cision qu\u2019il juge \u00ab injustifi\u00e9e\u00bb et peu applicable. Une incompr\u00e9hension partag\u00e9e par tous les m\u00e9decins que nous avons rencontr\u00e9s pour les besoins de l\u2019article. Selon un \u00e9tudiant en droit public de l\u2019Universit\u00e9 des Comores, \u00ab \u00e0 c\u00f4t\u00e9 de ces d\u00e9cisions difficiles \u00e0 respecter et \u00e0 faire respecter se pose aussi des questions de l\u00e9galit\u00e9\u00bb, regrette-t-il.<br \/>\nLes r\u00e8gles ne sont-elles plus pos\u00e9es pour \u00eatre appliqu\u00e9es durablement?<\/p>\n<p>[\/ihc-hide-content]<\/p>\n","protected":false},"excerpt":{"rendered":"<p>Les archives du pays doivent pulluler de ces innombrables d\u00e9crets, arr\u00eat\u00e9s, d\u00e9cisions et autres notes suppos\u00e9s r\u00e9gir la soci\u00e9t\u00e9 et qui tombent en d\u00e9su\u00e9tude. On en parle et puis on oublie de l\u2019appliquer ou effectif mais temporairement. Quelques \u00e9l\u00e9ments d\u2019illustration.\u00a0Par ACB [ihc-hide-content ihc_mb_type=&#8221;show&#8221; ihc_mb_who=&#8221;2,3,4,5,6,9&#8243; ihc_mb_template=&#8221;1&#8243; ] Les usagers de la route avaient pris connaissance, il [&hellip;]<\/p>\n","protected":false},"author":15,"featured_media":3266,"comment_status":"open","ping_status":"open","sticky":false,"template":"","format":"standard","meta":{"footnotes":""},"categories":[],"tags":[],"class_list":["post-3264","post","type-post","status-publish","format-standard","has-post-thumbnail","hentry"],"_links":{"self":[{"href":"https:\/\/masiwa-comores.com\/json\/wp\/v2\/posts\/3264","targetHints":{"allow":["GET"]}}],"collection":[{"href":"https:\/\/masiwa-comores.com\/json\/wp\/v2\/posts"}],"about":[{"href":"https:\/\/masiwa-comores.com\/json\/wp\/v2\/types\/post"}],"author":[{"embeddable":true,"href":"https:\/\/masiwa-comores.com\/json\/wp\/v2\/users\/15"}],"replies":[{"embeddable":true,"href":"https:\/\/masiwa-comores.com\/json\/wp\/v2\/comments?post=3264"}],"version-history":[{"count":1,"href":"https:\/\/masiwa-comores.com\/json\/wp\/v2\/posts\/3264\/revisions"}],"predecessor-version":[{"id":3267,"href":"https:\/\/masiwa-comores.com\/json\/wp\/v2\/posts\/3264\/revisions\/3267"}],"wp:featuredmedia":[{"embeddable":true,"href":"https:\/\/masiwa-comores.com\/json\/wp\/v2\/media\/3266"}],"wp:attachment":[{"href":"https:\/\/masiwa-comores.com\/json\/wp\/v2\/media?parent=3264"}],"wp:term":[{"taxonomy":"category","embeddable":true,"href":"https:\/\/masiwa-comores.com\/json\/wp\/v2\/categories?post=3264"},{"taxonomy":"post_tag","embeddable":true,"href":"https:\/\/masiwa-comores.com\/json\/wp\/v2\/tags?post=3264"}],"curies":[{"name":"wp","href":"https:\/\/api.w.org\/{rel}","templated":true}]}}