{"id":3251,"date":"2019-05-08T06:30:57","date_gmt":"2019-05-08T03:30:57","guid":{"rendered":"https:\/\/masiwa-comores.com\/?p=3251"},"modified":"2019-05-08T06:30:57","modified_gmt":"2019-05-08T03:30:57","slug":"les-14-doleances-de-la-ctc-et-des-organisations-de-la-societe-civile","status":"publish","type":"post","link":"https:\/\/masiwa-comores.com\/non-classe\/les-14-doleances-de-la-ctc-et-des-organisations-de-la-societe-civile\/","title":{"rendered":"Les 14 dol\u00e9ances de la CTC et des Organisations de la soci\u00e9t\u00e9 civile"},"content":{"rendered":"<p><strong>A l\u2019occasion de la f\u00eate du travail, la Conf\u00e9d\u00e9ration des Travailleurs Comoriens (CTC) et des organisations de la soci\u00e9t\u00e9 civile ont fait une d\u00e9claration commune sur \u00abla d\u00e9mocratie, l\u2019\u00e9tat de droit et les mesures \u00e9conomiques en rapport avec le cyclone KENNETH\u00bb. Ils ont pr\u00e9sent\u00e9 14 dol\u00e9ances apr\u00e8s les constats \u00e9tablis.<\/strong><em>\u00a0Par BIM<\/em><\/p>\n<p>[ihc-hide-content ihc_mb_type=&#8221;show&#8221; ihc_mb_who=&#8221;2,3,4,5,6,9&#8243; ihc_mb_template=&#8221;1&#8243; ]<\/p>\n<p>\u00abLes dirigeants et militants des organisations syndicales affili\u00e9es \u00e0 la CTC, dirigeants des organisations professionnelles agricoles (p\u00eaches, \u00e9levages, environnement, agriculture, transformation et conservation des produits vivri\u00e8res et commercial), les responsables et militants des organisations de la soci\u00e9t\u00e9 civile\u00a0\u00bb ont publi\u00e9 une d\u00e9claration commune, \u00e0 l\u2019occasion de la f\u00eate du travail. Des constats depuis l\u2019ind\u00e9pendance des Comores, des exhortations \u00e0 am\u00e9liorer la situation socio-\u00e9conomique, le rejet de la ponction des 10\u00a0% et surtout 14 demandes touchant allant de la catastrophe naturelle r\u00e9cente, en passant par les questions de gouvernance, de progr\u00e8s social, ou encore de l\u2019apaisement politique jusqu\u2019\u00e0 l\u2019interpellation des forces de l\u2019ordre et de la soci\u00e9t\u00e9 civile.<\/p>\n<p><strong>L\u2019apr\u00e8s Kenneth<\/strong><\/p>\n<p>Deux revendications formul\u00e9es et qui semblent d\u00e9su\u00e8tes. Ils demandent d\u2019une part <strong>\u00ab\u00a0<\/strong>une \u00e9valuation rapide des d\u00e9g\u00e2ts occasionn\u00e9s par le cyclone Kenneth dans le monde agricole avec une implication effective des associations et groupement d\u2019associations du secteur agricole\u00bb. Un premier rapport est d\u00e9j\u00e0 \u00e9tabli et une enqu\u00eate approfondie doit \u00eatre lanc\u00e9e sous peu.<\/p>\n<p>Et d\u2019autre part un engagement \u00abdes proc\u00e9dures r\u00e9guli\u00e8res pouvant permettre le pays d\u2019avoir acc\u00e8s \u00e0 la mobilisation des ressources financi\u00e8res n\u00e9cessaires dans le cadre de la solidarit\u00e9 internationale afin d\u2019endiguer les effets pervers du cyclone qui risque d\u2019affecter notre \u00e9conomie plus longtemps\u00bb.<\/p>\n<p><strong>Pour une bonne gouvernance<\/strong><\/p>\n<p>Il est question des administrations publiques, tant dans le recrutement que la gestion des diff\u00e9rents statuts \u00e9voluant au sein des structures administratives et des textes les r\u00e9gissant. Ils attendent du \u00ab\u00a0gouvernement de respecter et de faire respecter la loi portant statut des fonctionnaires en mati\u00e8re de recrutement \u00e0 la fonction publique finir avec le client\u00e9lisme et de proc\u00e9der au d\u00e9g\u00e8le de la carri\u00e8re des fonctionnaires et agents de l\u2019\u00e9tat\u00bb, \u00abde proc\u00e9der \u00e0 la r\u00e9gularisation de la situation administrative et financi\u00e8re des agents contractuels et b\u00e9n\u00e9voles ayant servi plusieurs ann\u00e9es dans l\u2019administration\u00a0\u00bb et\u00a0\u00abde rendre la loi de la fonction publique applicable en adoptant les textes portant conseil sup\u00e9rieur de la FOP, la commission paritaire et le conseil m\u00e9dical\u00a0\u00bb.<\/p>\n<p><strong>C\u00f4t\u00e9 progr\u00e8s social<\/strong><\/p>\n<p>C\u2019est aussi l\u2019occasion de mettre en avant des sujets sur le progr\u00e8s social en souffrance. Le cas du SMIG et de la revalorisation des retraites.Le gouvernement doit \u00ab r\u00e9unir les conditions n\u00e9cessaires pour faire adopter\u00a0 le texte fixant le SMIG par le CCTE et sans d\u00e9lais\u00a0et faire du dialogue social tripartite une pratique accept\u00e9e par tous\u00a0\u00bb et <strong>\u00ab\u00a0<\/strong>engager un processus pour l\u2019am\u00e9lioration des conditions de vies des retrait\u00e9s par la prise en charge des cotisations non vers\u00e9es \u00e0 la caisse de retraite dans le respect de la recommandation 202 de l\u2019OIT relative aux socles de protection sociales\u00bb.<\/p>\n<p><strong>Apaiser et dialoguer<\/strong><\/p>\n<p>Sur le plan politique, ex\u00e9cutif comme opposition sont invit\u00e9s \u00e0 l\u2019apaisement et au dialogue.\u00a0 \u00ab\u00a0Au gouvernement de prendre les mesures d\u2019apaisement permettant d\u2019engager un dialogue politique inclusif pour une paix durable dans le pays\u00a0\u00bb<strong>,<\/strong> \u00ab\u00a0de mettre fin aux interpellations \u00e0 caract\u00e8re politique et aux r\u00e9sidences surveill\u00e9es des responsables politiques et militants de l\u2019opposition et de mettre fin aux juridictions exceptionnelles qui poussent plusieurs compatriotes \u00e0 l\u2019exil politique\u00a0\u00bb. Quant, \u00ab\u00a0\u00e0 l\u2019opposition politique (elle doit) faire preuve de retenue et l\u2019encourageons \u00e0 des d\u00e9marches pacifiques pour un dialogue politique apais\u00e9\u00a0\u00bb. Et<strong> \u00ab<\/strong>aux partis politiques dans son ensemble\u00a0 d\u2019\u00e9viter les propos de nature \u00e0 compromettre la paix civile\u00bb.<\/p>\n<p><strong>Aux corps interm\u00e9diaires la d\u00e9fense de l\u2019int\u00e9r\u00eat g\u00e9n\u00e9ral<\/strong><\/p>\n<p>La d\u00e9claration interpelle les forces de l\u2019ordre et la soci\u00e9t\u00e9 civile pour veiller \u00e0 la d\u00e9fense de l\u2019int\u00e9r\u00eat g\u00e9n\u00e9ral. \u00ab\u00a0A l\u2019arm\u00e9e et aux forces de s\u00e9curit\u00e9 de jouer pleinement leur r\u00f4le r\u00e9publicain et de s\u2019abstenir \u00e0 toute instrumentalisation\u00a0\u00bb et \u00ab\u00e0 toutes les organisations syndicales, socioprofessionnelles, les associations de d\u00e9fense des droits de l\u2019homme et l\u2019ensemble des organisations de la soci\u00e9t\u00e9 civile pour plus de solidarit\u00e9 et d\u2019ind\u00e9pendance pour qu\u2019elles puissent jouer pleinement le r\u00f4le d\u2019observatoire de la d\u00e9mocratie, de l\u2019\u00e9tat de droit et du bien-\u00eatre\u00a0\u00bb.<\/p>\n<p>L\u2019ultime requ\u00eate s\u2019adresse \u00e0 la communaut\u00e9 internationale\u00a0, une classique<strong>:<\/strong> \u00ab\u00a0l\u2019accompagnement de la communaut\u00e9 internationale \u00a0de mieux outiller la soci\u00e9t\u00e9 civile comorienne afin de jouer pleinement son r\u00f4le en toute ind\u00e9pendance\u00bb.<\/p>\n<p>Un catalogue de bonnes intentions de la part d\u2019un monde syndicale qui peine \u00e0 mobiliser et \u00e0 f\u00e9d\u00e9rer les travailleurs derri\u00e8re des revendications l\u00e9gitimes.<\/p>\n<p>[\/ihc-hide-content]<\/p>\n","protected":false},"excerpt":{"rendered":"<p>A l\u2019occasion de la f\u00eate du travail, la Conf\u00e9d\u00e9ration des Travailleurs Comoriens (CTC) et des organisations de la soci\u00e9t\u00e9 civile ont fait une d\u00e9claration commune sur \u00abla d\u00e9mocratie, l\u2019\u00e9tat de droit et les mesures \u00e9conomiques en rapport avec le cyclone KENNETH\u00bb. Ils ont pr\u00e9sent\u00e9 14 dol\u00e9ances apr\u00e8s les constats \u00e9tablis.\u00a0Par BIM [ihc-hide-content ihc_mb_type=&#8221;show&#8221; ihc_mb_who=&#8221;2,3,4,5,6,9&#8243; ihc_mb_template=&#8221;1&#8243; [&hellip;]<\/p>\n","protected":false},"author":15,"featured_media":3252,"comment_status":"open","ping_status":"open","sticky":false,"template":"","format":"standard","meta":{"footnotes":""},"categories":[],"tags":[],"class_list":["post-3251","post","type-post","status-publish","format-standard","has-post-thumbnail","hentry"],"_links":{"self":[{"href":"https:\/\/masiwa-comores.com\/json\/wp\/v2\/posts\/3251","targetHints":{"allow":["GET"]}}],"collection":[{"href":"https:\/\/masiwa-comores.com\/json\/wp\/v2\/posts"}],"about":[{"href":"https:\/\/masiwa-comores.com\/json\/wp\/v2\/types\/post"}],"author":[{"embeddable":true,"href":"https:\/\/masiwa-comores.com\/json\/wp\/v2\/users\/15"}],"replies":[{"embeddable":true,"href":"https:\/\/masiwa-comores.com\/json\/wp\/v2\/comments?post=3251"}],"version-history":[{"count":1,"href":"https:\/\/masiwa-comores.com\/json\/wp\/v2\/posts\/3251\/revisions"}],"predecessor-version":[{"id":3253,"href":"https:\/\/masiwa-comores.com\/json\/wp\/v2\/posts\/3251\/revisions\/3253"}],"wp:featuredmedia":[{"embeddable":true,"href":"https:\/\/masiwa-comores.com\/json\/wp\/v2\/media\/3252"}],"wp:attachment":[{"href":"https:\/\/masiwa-comores.com\/json\/wp\/v2\/media?parent=3251"}],"wp:term":[{"taxonomy":"category","embeddable":true,"href":"https:\/\/masiwa-comores.com\/json\/wp\/v2\/categories?post=3251"},{"taxonomy":"post_tag","embeddable":true,"href":"https:\/\/masiwa-comores.com\/json\/wp\/v2\/tags?post=3251"}],"curies":[{"name":"wp","href":"https:\/\/api.w.org\/{rel}","templated":true}]}}