{"id":3227,"date":"2019-05-06T14:40:38","date_gmt":"2019-05-06T11:40:38","guid":{"rendered":"https:\/\/masiwa-comores.com\/?p=3227"},"modified":"2019-05-06T14:40:38","modified_gmt":"2019-05-06T11:40:38","slug":"journee-mondiale-de-la-presse-agwa-et-oubeidillah-pas-oublies","status":"publish","type":"post","link":"https:\/\/masiwa-comores.com\/non-classe\/journee-mondiale-de-la-presse-agwa-et-oubeidillah-pas-oublies\/","title":{"rendered":"Journ\u00e9e mondiale de la presse, Agwa et Oubeidillah pas oubli\u00e9s"},"content":{"rendered":"<p><strong>Les journalistes comoriens ont aussi c\u00e9l\u00e9br\u00e9 la journ\u00e9e mondiale de la presse. Ils ont demand\u00e9 la lib\u00e9ration de Agwa et Oubeidillah en signe d\u2019apaisement et plaid\u00e9 pour le respect de la libert\u00e9 d\u2019informer, gage d\u2019un retour \u00e0 un meilleur classement de la presse au niveau international.<\/strong>\u00a0<em>Par BIM<\/em><\/p>\n<p>[ihc-hide-content ihc_mb_type=&#8221;show&#8221; ihc_mb_who=&#8221;2,3,4,5,6,9&#8243; ihc_mb_template=&#8221;1&#8243; ]<\/p>\n<p>Une trentaine de journaliste et quelques amis de la presse ont battu le pav\u00e9 de Karthala, au sud de Moroni, jusqu\u2019\u00e0 la place de l\u2019ind\u00e9pendance, s\u00e9curis\u00e9s par les forces de l\u2019ordre, vendredi pour communier avec le reste du monde \u00e0 l\u2019occasion de la journ\u00e9e mondiale de la presse.<br \/>\nBrandissant plusieurs affiches d\u00e9non\u00e7ant les multiples atteintes aux m\u00e9dias, \u00e0 la libert\u00e9 d\u2019expression qui ont d\u00e9bouch\u00e9 \u00e0 un psychose, deux banderoles attiraient plus l\u2019attention. \u00abNon aux intimidations, aux confiscations des journaux et \u00e0 l\u2019autocensure,\u00bb et \u00abjournaliste censur\u00e9e, d\u00e9mocratie bafou\u00e9e\u00bb.<br \/>\nDes r\u00e9alit\u00e9s qui fragilisent encore plus une profession pr\u00e9caris\u00e9e et soumise \u00e0 des incessantes intimidations des autorit\u00e9s.<br \/>\nDes pr\u00e9occupations locales qui ont prim\u00e9 sur le th\u00e8me retenu cette ann\u00e9e au niveau international. D\u2019ailleurs Ahmed Ali Amir, dans la d\u00e9claration commune en comorien a contextualis\u00e9 la situation.<br \/>\n\u00ab\u00a0Avec l\u2019ensemble des journalistes du monde entier, nous c\u00e9l\u00e9brons la journ\u00e9e mondiale de la presse. Aujourd\u2019hui, les journalistes font g\u00e9n\u00e9ralement le point sur l\u2019\u00e9volution de la profession et son exercice. Mais nous ne pouvons pas la c\u00e9l\u00e9brer, sans la pr\u00e9sence de nos deux confr\u00e8res qui sont en prison.\u00a0\u00bb Pour \u00e9viter tout proc\u00e8s d\u2019intention, il a pr\u00e9cis\u00e9\u00a0: \u00ab\u00a0Nous ne pr\u00e9tendons pas \u00eatre infaillibles et exemptes de toute reproche. N\u00e9anmoins, il y a une loi et surtout un Conseil (le CNPA) qui doivent juger nos actes de tous les jours\u00a0\u00bb. D\u2019autant que \u00ab\u00a0nous avons lutt\u00e9 pendant 20 ans pour imposer la mise en place d\u2019un organisme r\u00e9gulateur seul habilit\u00e9 \u00e0 prononcer des sanctions contre les m\u00e9dias et les journalistes\u00a0\u00bb. C\u2019est pourquoi \u00ab\u00a0Nous ne pouvons pas tol\u00e9rer qu\u2019apr\u00e8s 20 ans d\u2019efforts, nous revenions vers le temps des mercenaires.\u00a0\u00bb<br \/>\nL\u2019ancien directeur g\u00e9n\u00e9ral d\u2019Al-Watwan a aussi expliqu\u00e9 que \u00ab\u00a0Les journalistes ne sont pas des acteurs politiques\u00a0\u00bb contrairement aux insinuations de certains d\u00e9tracteurs, \u00ab\u00a0mais diffusent des informations\u00a0\u00bb. Parler d\u2019un fait n\u2019est pas synonyme d\u2019en \u00eatre responsable ou complice. Il a cit\u00e9 le cas de la cr\u00e9ation du CNT et la diffusion de l\u2019information par les journaux. Assimiler les journalistes \u00e0 des politiques, c\u2019est condamner certains \u00e0 l\u2019exil, renforcer l\u2019autocensure et vider de toute substance les quotidiens. Par cons\u00e9quent, les autorit\u00e9s seraient mieux inspir\u00e9s d\u2019abord en lib\u00e9rant les deux confr\u00e8res en prison,\u00a0; \u00e0 savoir Abdallah Abdou Hassan, alias Agwa et Oubeidillah Mchangama et de faciliter l\u2019exercice du devoir d\u2019informer.<\/p>\n<p>Enfin il a rappel\u00e9 qu\u2019\u00a0\u00ab\u00a0Apres des ann\u00e9es de travail, les Comores ont occup\u00e9 le 40 rang dans le classement mondial de la presse, le 6\u00e8me au niveau du continent africain et le 1er dans la sous r\u00e9gion de l\u2019oc\u00e9an indien, avant de retomber \u00e0 la 57\u00e8me place actuellement.\u00a0\u00bb Cependant, \u00ab\u00a0nous pouvons remonter \u00e0 la 30\u00e8me, puis 20 jusqu\u2019\u00e0 parvenir \u00e0 se hisser au niveau de la Su\u00e8de et de la Norv\u00e8ge qui incarnent l\u2019excellence dans ce domaine\u00a0\u00bb pour peu que le respect de la loi soit effectif et les intimidations abandonn\u00e9es.<br \/>\nBinti Mhadjou a lu la d\u00e9claration commune en fran\u00e7ais d\u00e9taillant davantage les atteintes subies par la profession et les m\u00e9dias et pr\u00e9sentant des propositions vers une professionnalisation efficiente et un m\u00e9tier moins pr\u00e9c<\/p>\n<p>[\/ihc-hide-content]<\/p>\n<p>&nbsp;<\/p>\n","protected":false},"excerpt":{"rendered":"<p>Les journalistes comoriens ont aussi c\u00e9l\u00e9br\u00e9 la journ\u00e9e mondiale de la presse. Ils ont demand\u00e9 la lib\u00e9ration de Agwa et Oubeidillah en signe d\u2019apaisement et plaid\u00e9 pour le respect de la libert\u00e9 d\u2019informer, gage d\u2019un retour \u00e0 un meilleur classement de la presse au niveau international.\u00a0Par BIM [ihc-hide-content ihc_mb_type=&#8221;show&#8221; ihc_mb_who=&#8221;2,3,4,5,6,9&#8243; ihc_mb_template=&#8221;1&#8243; ] Une trentaine de [&hellip;]<\/p>\n","protected":false},"author":15,"featured_media":3228,"comment_status":"open","ping_status":"open","sticky":false,"template":"","format":"standard","meta":{"footnotes":""},"categories":[],"tags":[],"class_list":["post-3227","post","type-post","status-publish","format-standard","has-post-thumbnail","hentry"],"_links":{"self":[{"href":"https:\/\/masiwa-comores.com\/json\/wp\/v2\/posts\/3227","targetHints":{"allow":["GET"]}}],"collection":[{"href":"https:\/\/masiwa-comores.com\/json\/wp\/v2\/posts"}],"about":[{"href":"https:\/\/masiwa-comores.com\/json\/wp\/v2\/types\/post"}],"author":[{"embeddable":true,"href":"https:\/\/masiwa-comores.com\/json\/wp\/v2\/users\/15"}],"replies":[{"embeddable":true,"href":"https:\/\/masiwa-comores.com\/json\/wp\/v2\/comments?post=3227"}],"version-history":[{"count":1,"href":"https:\/\/masiwa-comores.com\/json\/wp\/v2\/posts\/3227\/revisions"}],"predecessor-version":[{"id":3229,"href":"https:\/\/masiwa-comores.com\/json\/wp\/v2\/posts\/3227\/revisions\/3229"}],"wp:featuredmedia":[{"embeddable":true,"href":"https:\/\/masiwa-comores.com\/json\/wp\/v2\/media\/3228"}],"wp:attachment":[{"href":"https:\/\/masiwa-comores.com\/json\/wp\/v2\/media?parent=3227"}],"wp:term":[{"taxonomy":"category","embeddable":true,"href":"https:\/\/masiwa-comores.com\/json\/wp\/v2\/categories?post=3227"},{"taxonomy":"post_tag","embeddable":true,"href":"https:\/\/masiwa-comores.com\/json\/wp\/v2\/tags?post=3227"}],"curies":[{"name":"wp","href":"https:\/\/api.w.org\/{rel}","templated":true}]}}