{"id":3224,"date":"2019-05-06T14:35:21","date_gmt":"2019-05-06T11:35:21","guid":{"rendered":"https:\/\/masiwa-comores.com\/?p=3224"},"modified":"2019-05-06T14:35:21","modified_gmt":"2019-05-06T11:35:21","slug":"la-fete-des-sciences-a-gsfa","status":"publish","type":"post","link":"https:\/\/masiwa-comores.com\/non-classe\/la-fete-des-sciences-a-gsfa\/","title":{"rendered":"La F\u00eate des Sciences \u00e0 GSFA"},"content":{"rendered":"<p><strong>Le Groupe Scolaire Fundi Abdoulhamid a c\u00e9l\u00e9br\u00e9 la f\u00eate des sciences parrain\u00e9e par le minist\u00e8re de l\u2019\u00e9ducation nationale, avec la participation d\u2019autres \u00e9tablissements scolaires. De nombreux visiteurs ont particip\u00e9 \u00e0 la f\u00eate qui permet aux \u00e9l\u00e8ves d\u2019exposer leurs travaux.<\/strong><\/p>\n<p>[ihc-hide-content ihc_mb_type=&#8221;show&#8221; ihc_mb_who=&#8221;2,3,4,5,6,9&#8243; ihc_mb_template=&#8221;1&#8243; ]Le Groupe Scolaire Foundi Abdoulhamid a c\u00e9l\u00e9br\u00e9 samedi 4 mai la f\u00eate des sciences. Comme tous les deux ans, l\u2019\u00e9tablissement organise cette f\u00eate afin d\u2019encourager les \u00e9l\u00e8ves \u00e0 aimer davantage les sciences, \u00e0 diffuser la culture scientifique et \u00e0 s\u2019engager avec enthousiasme et d\u00e9termination dans les \u00e9tudes scientifiques.<br \/>\nD\u2019embl\u00e9e, cet \u00e9v\u00e8nement si grandiose qui marque leur 16\u00e8me \u00c9dition avait comme toile de fond une succession d\u2019activit\u00e9s d\u00e9di\u00e9es aux visiteurs. D\u2019abord, il y a eu une conf\u00e9rence-d\u00e9bat sur le th\u00e8me \u00ab Les m\u00e9tiers de la science\u00bb anim\u00e9e par la conseill\u00e8re d\u2019orientation, Moufidat Said Ahmed. Une conf\u00e9rence qui \u00e9tait si riche dans le fond que la forme. C\u2019\u00e9tait \u00e0 la base un moment de partage entre visiteurs et les \u00e9l\u00e8ves de la GSFA. Puis ensuite, il y a eu une visite guid\u00e9e des autorit\u00e9s politiques des diff\u00e9rents stands, qui permettait de d\u00e9couvrir l\u2019objet de la journ\u00e9e.<br \/>\nA souligner que cet \u00e9v\u00e9nement scientifique \u00e9tait patronn\u00e9 par le ministre de l\u2019\u00e9ducation nationale Mahamoud Salim Hafi. En partenariat avec diff\u00e9rents \u00e9tablissement comme l\u2019\u00e9cole priv\u00e9e l\u2019Olivier de Mitsamiouli, l\u2019\u00e9cole priv\u00e9e Mbae Trambwe et beaucoup d\u2019autres qui ont particip\u00e9 et contribuant \u00e0 faire de la f\u00eate une r\u00e9ussite.<br \/>\nPar ailleurs, il faut tout m\u00eame savoir que cette f\u00eate des sciences comme on l\u2019appelle, ne se basait pas seulement sur tout ce qui touche au calcul, \u00e0 l\u2019exp\u00e9rimentation et \u00e0 l\u2019observation, mais elle comptait aussi un concours de dict\u00e9e organis\u00e9 par l\u2019\u00e9cole Henri Matisse et l\u2019IFERE.<br \/>\nLe 4 mai \u00e9tait un moment fort pour les savants en herbe afin de d\u00e9velopper leur curiosit\u00e9, de vivre et partager leurs exp\u00e9riences avec l\u2019univers des sciences. La pr\u00e9sence des professeurs et les professionnels qui enseignent et pratiquent les sciences et la technique \u00e9tait bien sine qua non. Ces derniers \u00e9taient pr\u00e9sents pour encadrer les \u00e9l\u00e8ves ou pour d\u00e9velopper leurs exp\u00e9riences propres : (\u00e9nergie solaire, t\u00e9l\u00e9communication, sant\u00e9, eau et \u00e9lectricit\u00e9, m\u00e9t\u00e9orologie, nouvelles technologies), des th\u00e9matiques d\u2019actualit\u00e9 qui ne laissent personne indiff\u00e9rents aujourd\u2019hui.<br \/>\nC\u2019\u00e9tait un moment unique pour tous, de s\u2019informer, de poser des questions en direct avant tous les acteurs. Ikraamat Said, \u00e9l\u00e8ve de second G, nous a ouvert sa coquille. \u00abJe suis tr\u00e8s contente de cette journ\u00e9e, car elle marque encore une fois l\u2019engagement de nos \u00e9tablissements respectifs. Aujourd\u2019hui tout comme hier, j\u2019assiste \u00e0 cet \u00e9v\u00e8nement qui nous apporte des tas d\u2019exp\u00e9rience dans notre parcours. Je suis tellement fi\u00e8re de faire partie des \u00e9l\u00e8ves du GSFA. Cette \u00e9cole nous offre beaucoup plus qu\u2019on l\u2019imaginait. J\u2019ai en moi une base qui dessine d\u00e9j\u00e0 mon avenir.\u00bb Quant \u00e0 Hamza Djaloud, \u00e9l\u00e8ve de 3\u00e8me, un surdou\u00e9, un futur ambassadeur de l\u2019\u00e9cole Foundi Abdoulhamid dans les universit\u00e9s d\u2019ici et ailleurs, nous a fait part de sa joie \u00ab Je suis tr\u00e8s excit\u00e9 \u00e0 l\u2019id\u00e9e d\u2019\u00eatre aujourd\u2019hui parmi les pr\u00e9sentateurs. L\u2019ann\u00e9e pass\u00e9e, j\u2019\u00e9tais l\u00e0 mais en \u00e9l\u00e8ve-visiteur. J\u2019en r\u00eavait et me voil\u00e0 aujourd\u2019hui en train de le r\u00e9aliser. \u00bb En blouse Blanche, le g\u00e9nie est s\u00fbr de lui. Devant des centaines de visiteurs, il expliquait l\u2019angiosperme comme un professeur de Botanique. [\/ihc-hide-content]<br \/>\nPar Abdoulraouf Ibrahim<\/p>\n","protected":false},"excerpt":{"rendered":"<p>Le Groupe Scolaire Fundi Abdoulhamid a c\u00e9l\u00e9br\u00e9 la f\u00eate des sciences parrain\u00e9e par le minist\u00e8re de l\u2019\u00e9ducation nationale, avec la participation d\u2019autres \u00e9tablissements scolaires. De nombreux visiteurs ont particip\u00e9 \u00e0 la f\u00eate qui permet aux \u00e9l\u00e8ves d\u2019exposer leurs travaux. [ihc-hide-content ihc_mb_type=&#8221;show&#8221; ihc_mb_who=&#8221;2,3,4,5,6,9&#8243; ihc_mb_template=&#8221;1&#8243; ]Le Groupe Scolaire Foundi Abdoulhamid a c\u00e9l\u00e9br\u00e9 samedi 4 mai la f\u00eate [&hellip;]<\/p>\n","protected":false},"author":15,"featured_media":3225,"comment_status":"open","ping_status":"open","sticky":false,"template":"","format":"standard","meta":{"footnotes":""},"categories":[],"tags":[],"class_list":["post-3224","post","type-post","status-publish","format-standard","has-post-thumbnail","hentry"],"_links":{"self":[{"href":"https:\/\/masiwa-comores.com\/json\/wp\/v2\/posts\/3224","targetHints":{"allow":["GET"]}}],"collection":[{"href":"https:\/\/masiwa-comores.com\/json\/wp\/v2\/posts"}],"about":[{"href":"https:\/\/masiwa-comores.com\/json\/wp\/v2\/types\/post"}],"author":[{"embeddable":true,"href":"https:\/\/masiwa-comores.com\/json\/wp\/v2\/users\/15"}],"replies":[{"embeddable":true,"href":"https:\/\/masiwa-comores.com\/json\/wp\/v2\/comments?post=3224"}],"version-history":[{"count":1,"href":"https:\/\/masiwa-comores.com\/json\/wp\/v2\/posts\/3224\/revisions"}],"predecessor-version":[{"id":3226,"href":"https:\/\/masiwa-comores.com\/json\/wp\/v2\/posts\/3224\/revisions\/3226"}],"wp:featuredmedia":[{"embeddable":true,"href":"https:\/\/masiwa-comores.com\/json\/wp\/v2\/media\/3225"}],"wp:attachment":[{"href":"https:\/\/masiwa-comores.com\/json\/wp\/v2\/media?parent=3224"}],"wp:term":[{"taxonomy":"category","embeddable":true,"href":"https:\/\/masiwa-comores.com\/json\/wp\/v2\/categories?post=3224"},{"taxonomy":"post_tag","embeddable":true,"href":"https:\/\/masiwa-comores.com\/json\/wp\/v2\/tags?post=3224"}],"curies":[{"name":"wp","href":"https:\/\/api.w.org\/{rel}","templated":true}]}}