{"id":3221,"date":"2019-05-06T14:32:10","date_gmt":"2019-05-06T11:32:10","guid":{"rendered":"https:\/\/masiwa-comores.com\/?p=3221"},"modified":"2019-05-06T14:32:10","modified_gmt":"2019-05-06T11:32:10","slug":"mon-hommage-a-m-mroudjae","status":"publish","type":"post","link":"https:\/\/masiwa-comores.com\/non-classe\/mon-hommage-a-m-mroudjae\/","title":{"rendered":"Mon hommage \u00e0 M. Mroudja\u00e9"},"content":{"rendered":"<p>Je l\u2019ai admir\u00e9 \u00e0 la fin des ann\u00e9es 1960. Il avait os\u00e9 s\u2019opposer frontalement \u00e0 Cheikh. C\u2019\u00e9tait une \u00e9poque obscure durant laquelle Said Mohamed Cheikh r\u00e9gnait en ma\u00eetre absolu sur le pays avec la b\u00e9n\u00e9diction d\u2019un colonialisme r\u00e9trograde qui avait maintenu le pays hors du temps. \u00catre candidat \u00e0 la d\u00e9putation fran\u00e7aise contre Mohamed Dahalani, un proche de Cheikh, n\u2019\u00e9tait pas alors une mince affaire. Mitsamihuli, fief agressif de Cheikh \u00e9tait en \u00e9bullition le jour du vote. Pierrot, son repr\u00e9sentant sur place \u00e9tait sur la sellette. Darou\u00e8che Boina, pilier du RDPC dans le village, faillit se faire lyncher quand il a cherch\u00e9 \u00e0 mettre un peu d\u2019ordre dans les bureaux de vote.<\/p>\n<p>Je l\u2019ai combattu \u00e0 partir du d\u00e9but des ann\u00e9es 1970 en tant que principal lieutenant d\u2019Ahmed Abdallah ayant jou\u00e9 un r\u00f4le de premier plan (ministre, premier ministre, ministre d\u2019\u00c9tat, etc.) durant la p\u00e9riode des mercenaires.<\/p>\n<p>J\u2019ai commenc\u00e9 \u00e0 le c\u00f4toyer \u00e0 partir de la fin des ann\u00e9es 1990.<\/p>\n<p>Ce fut d\u2019abord la lutte contre le s\u00e9paratisme qui nous avait rapproch\u00e9. Un front uni regroupait durant toute une p\u00e9riode, le Front D\u00e9mocratique au parti d\u2019Abasse Djoussouf et \u00e0 son parti Dja Mnazi.<\/p>\n<p>Ce fut ensuite dans le cadre du Comit\u00e9 Maore. Son apport est inestimable. Il prit personnellement part \u00e0 plusieurs activit\u00e9s. Souvent il se posait en simple membre du Comit\u00e9. Le Comit\u00e9 Maore lui doit pour une grande partie son poids sur la sc\u00e8ne nationale.<\/p>\n<p>Ce fut enfin dans le cadre du Mouvement du 11 ao\u00fbt. Il \u00e9tait devenu faible mais il tenait \u00e0 participer au bilan n\u00e9cessaire des quarante ann\u00e9es et quelques d\u2019ind\u00e9pendance. Il avait tant \u00e0 apporter. Plusieurs r\u00e9unions furent tenues dans son salon pour lui \u00e9viter des d\u00e9placements p\u00e9nibles.<\/p>\n<p>Monsieur Mroudja\u00e9 m\u2019impressionnait \u00e9norm\u00e9ment. Son humilit\u00e9 et sa simplicit\u00e9 doivent \u00eatre mis en lumi\u00e8re. Il \u00e9tait capable d\u2019\u00e9couter attentivement les arguments contraires au sien sans s\u2019offusquer. Imaginer donc un tel personnage reconna\u00eetre simplement \u00e0 la t\u00e9l\u00e9vision nationale qu\u2019il s\u2019\u00e9tait tromp\u00e9 en croyant \u00e0 \u00ab\u00a0l\u2019ind\u00e9pendance dans l\u2019amiti\u00e9 et la coop\u00e9ration avec la France\u00a0\u00bb. Un serviteur hors pair du pays, il me semble qu\u2019il n\u2019a pas souvent \u00e9t\u00e9 compris ces derni\u00e8res ann\u00e9es.<\/p>\n<p>A l\u2019occasion d\u2019une visite que je lui avais rendue apr\u00e8s un s\u00e9jour m\u00e9dical qu\u2019il avait effectu\u00e9 \u00e0 Maore, M. Mroudjae d\u00e9crivait avec \u00e9motion les t\u00e9moignages d\u2019affection de ses anciens \u00e9l\u00e8ves maorais. Il \u00e9tait un personnage attachant.<\/p>\n<p>Je crois qu\u2019il avait engag\u00e9 un travail de m\u00e9moire avec l\u2019aide de jeunes. Il serait pr\u00e9cieux pour le pays s\u2019il parvenait \u00e0 terme, tout au moins la partie r\u00e9alis\u00e9e.<\/p>\n<p>Je ne peux que m\u2019incliner sinc\u00e8rement face \u00e0 la m\u00e9moire de ce grand homme, pr\u00e9senter des vives condol\u00e9ances et prier pour lui.<\/p>\n<p><em>Idriss (03\/05\/2019)<\/em><\/p>\n","protected":false},"excerpt":{"rendered":"<p>Je l\u2019ai admir\u00e9 \u00e0 la fin des ann\u00e9es 1960. Il avait os\u00e9 s\u2019opposer frontalement \u00e0 Cheikh. C\u2019\u00e9tait une \u00e9poque obscure durant laquelle Said Mohamed Cheikh r\u00e9gnait en ma\u00eetre absolu sur le pays avec la b\u00e9n\u00e9diction d\u2019un colonialisme r\u00e9trograde qui avait maintenu le pays hors du temps. \u00catre candidat \u00e0 la d\u00e9putation fran\u00e7aise contre Mohamed Dahalani, [&hellip;]<\/p>\n","protected":false},"author":15,"featured_media":3222,"comment_status":"open","ping_status":"open","sticky":false,"template":"","format":"standard","meta":{"footnotes":""},"categories":[],"tags":[],"class_list":["post-3221","post","type-post","status-publish","format-standard","has-post-thumbnail","hentry"],"_links":{"self":[{"href":"https:\/\/masiwa-comores.com\/json\/wp\/v2\/posts\/3221","targetHints":{"allow":["GET"]}}],"collection":[{"href":"https:\/\/masiwa-comores.com\/json\/wp\/v2\/posts"}],"about":[{"href":"https:\/\/masiwa-comores.com\/json\/wp\/v2\/types\/post"}],"author":[{"embeddable":true,"href":"https:\/\/masiwa-comores.com\/json\/wp\/v2\/users\/15"}],"replies":[{"embeddable":true,"href":"https:\/\/masiwa-comores.com\/json\/wp\/v2\/comments?post=3221"}],"version-history":[{"count":1,"href":"https:\/\/masiwa-comores.com\/json\/wp\/v2\/posts\/3221\/revisions"}],"predecessor-version":[{"id":3223,"href":"https:\/\/masiwa-comores.com\/json\/wp\/v2\/posts\/3221\/revisions\/3223"}],"wp:featuredmedia":[{"embeddable":true,"href":"https:\/\/masiwa-comores.com\/json\/wp\/v2\/media\/3222"}],"wp:attachment":[{"href":"https:\/\/masiwa-comores.com\/json\/wp\/v2\/media?parent=3221"}],"wp:term":[{"taxonomy":"category","embeddable":true,"href":"https:\/\/masiwa-comores.com\/json\/wp\/v2\/categories?post=3221"},{"taxonomy":"post_tag","embeddable":true,"href":"https:\/\/masiwa-comores.com\/json\/wp\/v2\/tags?post=3221"}],"curies":[{"name":"wp","href":"https:\/\/api.w.org\/{rel}","templated":true}]}}