{"id":3209,"date":"2019-05-06T14:19:23","date_gmt":"2019-05-06T11:19:23","guid":{"rendered":"https:\/\/masiwa-comores.com\/?p=3209"},"modified":"2019-05-06T14:19:23","modified_gmt":"2019-05-06T11:19:23","slug":"a-itsoundzou-azali-prone-la-fermete-et-lapaisement","status":"publish","type":"post","link":"https:\/\/masiwa-comores.com\/non-classe\/a-itsoundzou-azali-prone-la-fermete-et-lapaisement\/","title":{"rendered":"A Itsoundzou, Azali pr\u00f4ne la fermet\u00e9 et l\u2019apaisement"},"content":{"rendered":"<p><strong>La phase \u00e9lections achev\u00e9es, le chef de l\u2019\u00c9tat et chef supr\u00eame des arm\u00e9es a rendu un hommage tr\u00e8s appuy\u00e9 au professionnalisme de \u00ab\u00a0 la colonne vert\u00e9brale\u00a0\u00bb du pays \u00e0 Itsondzou, samedi. L\u2019occasion \u00e9galement de faire le point apr\u00e8s le passage d\u00e9vastateur de kenneth, surtout de pr\u00e9venir \u00ables activistes des r\u00e9seaux\u00bb que \u00able laxisme de jadis\u00bb c\u2019est fini, d\u2019appeler ses anciens adversaires \u00e0 s\u2019unir pour le redressement du pays et d\u2019annoncer des mesures d\u2019apaisement prochainement.<\/strong>\u00a0<em>Par BIM<\/em><\/p>\n<p>[ihc-hide-content ihc_mb_type=&#8221;show&#8221; ihc_mb_who=&#8221;2,3,4,5,6,9&#8243; ihc_mb_template=&#8221;1&#8243; ]<\/p>\n<p>Samedi dernier, des \u00e9l\u00e9ments de la Gendarmerie Nationale ( Routi\u00e8re, Mobile et PIGN), la 1\u00e8re et 2\u00e8me compagnie de la FCD, et un d\u00e9tachement du Service de Sant\u00e9 Militaire ont assist\u00e9 au debriefing\u00a0 grand public anim\u00e9 par le chef supr\u00eame des arm\u00e9es. De nombreuses autorit\u00e9s ont fait le d\u00e9placement, ainsi que des membres des diff\u00e9rents corps diplomatiques accr\u00e9dit\u00e9s aux Comores.<\/p>\n<p>Pour le chef de l\u2019\u00c9tat, il s\u2019agit d\u2019\u00a0\u00ab\u00a0un moment privil\u00e9gi\u00e9, lorsque je me retrouve parmi vous, mes fr\u00e8res d&#8217;arme de l\u2019AND\u00bb,\u00a0 et \u00ab\u00a0pourl&#8217;ancien chef d&#8217;\u00c9tat-major, une \u00e9motion particuli\u00e8re, \u00e0 la fois, avec une grande fiert\u00e9 et une profonde gravit\u00e9, que je m\u2019adresse \u00e0 vous\u00bb. Un moment solennel pour exprimer la reconnaissance et la gratitude de la nation \u00e0 l\u2019\u00e9gard des forces de l\u2019ordre qui ont su agir avec professionnalisme. \u00ab J\u2019ai souhait\u00e9, \u00e0 travers cette visite au camp militaire d\u2019Itsoundzou aujourd\u2019hui, venir vous t\u00e9moigner \u00e0 nouveau de la reconnaissance et de la gratitude de toute la Nation, pour la noble et difficile mission que vous accomplissez au quotidien au service de notre pays. Autant de devoirs que vous accomplissez, parfois au p\u00e9ril de votre vie. Vous accomplissez ainsi, avec d\u00e9vouement et professionnalisme, la lourde responsabilit\u00e9 d\u2019assurer la s\u00e9curit\u00e9, la d\u00e9fense et le maintien de l\u2019ordre dans notre pays. Le choix que vous avez fait, de servir votre pays sous l\u2019uniforme, de faire respecter la Loi et l\u2019ordre r\u00e9publicain, m\u00e9rite tout notre respect, notre reconnaissance et notre gratitude.\u00a0 (Il faut) saluer le comportement, le professionnalisme, l\u2019exp\u00e9rience et le sang-froid qui ont \u00e9t\u00e9 les v\u00f4tres, durant la p\u00e9riode d\u00e9licate pr\u00e9 et post \u00e9lectorale, qui ont permis \u00e0 notre pays, d\u2019\u00e9viter le pire, que nous promettaient les ennemis des Comores et de notre D\u00e9mocratie\u00bb.<\/p>\n<p>\u00ab\u00a0Nous ne devons plus, comme ce fut le cas trop longtemps, continuer \u00e0 ignorer les patriotes, grands ou petits, hommes ou femmes, civils ou militaires, qui font la fiert\u00e9 et l&#8217;honneur de notre pays\u00a0\u00bb. Et l\u2019attribution des 3 m\u00e9dailles de M\u00e9rite Militaire traduit \u00abun symbole, un acte concret\u00a0\u00bb de cette reconnaissance et \u00e0 travers eux, tous les militaires de rang jusqu\u2019aux officiers.<\/p>\n<p>Au sujet de Kenneth, \u00ab\u00a0nous disposons des premiers bilans des d\u00e9g\u00e2ts et des besoins qu\u2019attendent les sinistr\u00e9s de toutes nos \u00eeles, qui sont immenses et urgents. Je salue \u00e0 nouveau toutes les \u00e9quipes de tous les horizons qui se sont mobilis\u00e9s pour porter les premiers secours aux populations et qui continuent aujourd\u2019hui, une action formidable afin de venir en aide aux plus n\u00e9cessiteux. Je remercie les pays amis et les partenaires au d\u00e9veloppement, pour leur promptitude \u00e0 nous apporter leur aide\u00a0\u00bb a d\u00e9clar\u00e9 le chef de l\u2019\u00c9tat. Et de citer les principaux pays donateurs\u00a0: \u00ab\u00a0Je veux citer en particulier la Fondation Khalifa Bin Zaid Al Nahyane et les autorit\u00e9s des \u00c9mirats Arabes Unis, l\u2019Union Europ\u00e9enne, le syst\u00e8me des Nations Unies, la France et les Etats-Unis\u00a0.\u00bb Ajoutant que \u00ab\u00a0le Gouvernement suit au jour le jour et coordonne le d\u00e9ploiement de l\u2019aide d\u00e9j\u00e0 destin\u00e9e aux sinistr\u00e9s.\u00a0\u00bb Et de pr\u00e9ciser que \u00ab\u00a0Toutefois, le Gouvernement ne r\u00e9ussira cette immense et lourde responsabilit\u00e9, que si l\u2019ensemble des Comoriennes et des Comoriens, \u00e0 l\u2019int\u00e9rieur du pays et dans la diaspora, continue la mobilisation qu\u2019ils ont d\u00e9j\u00e0 lanc\u00e9e, pour que chacun, \u00e0 son niveau, contribue \u00e0 redonner l\u2019espoir \u00e0 celles et ceux qui ont tout perdu et participe \u00e0 la reconstruction nationale\u00a0\u00bb.<\/p>\n<p>Le troisi\u00e8me volet de son discours, et c\u2019est le plus important, avec un ton ferme, le pr\u00e9sident pr\u00f4ne le retour \u00e0 un \u00c9tat de droit et vise \u00ab\u00a0les activistes des r\u00e9seaux sociaux\u00a0\u00bb. \u00ab\u00a0Les ennemis du pays peuvent \u00e0 loisir, continuer le d\u00e9nigrement et les atteintes \u00e0 l\u2019image de notre pays \u00e0 travers les r\u00e9seaux sociaux. (&#8230;) Les activistes des r\u00e9seaux sociaux, bien connus des Comoriens, sous couvert<\/p>\n<p>de la libert\u00e9 d\u2019expression, n\u2019h\u00e9sitent pas, en plus de la virulence des propos, de la provocation et de la haine qu\u2019ils v\u00e9hiculent, \u00e0 enfreindre la Loi et \u00e0 troubler l\u2019ordre public.<\/p>\n<p>Ils esp\u00e8rent l\u2019inaction de l\u2019\u00c9tat et comptent sur le laxisme de jadis en mati\u00e8re de s\u00e9curit\u00e9, pour servir des plans inavou\u00e9s contre notre pays.<\/p>\n<p>Qu\u2019ils sachent que pour nous, la paix civile et sociale, la s\u00e9curit\u00e9, la concorde, la coh\u00e9sion et l\u2019unit\u00e9 nationales, qui constituent nos richesses les plus pr\u00e9cieuses, bien avant la vanille, le girofle, les revenus du tourisme ou le p\u00e9trole et le gaz, n\u2019ont pas de prix.\u00a0\u00bb\u00a0 L\u2019avertissement est claire\u00a0: \u00ab\u00a0Nous les d\u00e9fendrons bec et ongles, sans rel\u00e2che et sans faiblesse et nous userons de tous les moyens l\u00e9gaux et de l\u2019arsenal juridique pour les prot\u00e9ger. je le redis \u00e0 toutes et \u00e0 tous, avec toute la solennit\u00e9 n\u00e9cessaire, que le manque de respect et les violences contre les forces de l\u2019ordre, symbolis\u00e9s ici aujourd\u2019hui par nos r\u00e9cipiendaires, ne seront plus tol\u00e9r\u00e9es.\u00a0\u00bb \u00ab\u00a0Ceux qui violent la Loi ainsi que tous les auteurs, instigateurs ou complices de violences contre les citoyens, les autorit\u00e9s ou qui s\u2019attaquent \u00e0 ceux qui ont en charge la s\u00e9curit\u00e9 de tous, s\u2019exposent \u00e0 la rigueur de la Loi et ne seront \u00e0 l\u2019abri nulle part. Ils seront identifi\u00e9s, recherch\u00e9s et traduit en justice pour \u00eatre jug\u00e9s et condamn\u00e9s conform\u00e9ment \u00e0 la Loi\u00a0\u00bb.<\/p>\n<p>Enfin, il a appel\u00e9 au rassemblement. \u00ab\u00a0Nous devons nous unir pour faire de notre pays, un \u00c9tat de droit, c&#8217;est-\u00e0-dire un \u00c9tat o\u00f9 il fait bon vivre, un \u00c9tat o\u00f9 chacun reconna\u00eet ses droits et ses devoirs. Et encore une fois, j&#8217;en appelle \u00e0 mes fr\u00e8res politiques, mes anciens adversaires politiques d&#8217;hier pour qu&#8217;ensemble on s&#8217;unisse \u00e0 cette noble t\u00e2che. Comme cela se dit partout, il faut de l&#8217;apaisement. Je le promets, dans les jours \u00e0 venir, des mesures d&#8217;apaisement seront prises pour qu&#8217;ensemble, on puisse s&#8217;unir et s&#8217;atteler \u00e0 la t\u00e2che qui nous attend.\u00a0\u00bb<\/p>\n<p>&nbsp;<\/p>\n<p>&nbsp;<\/p>\n<p>[\/ihc-hide-content]<\/p>\n","protected":false},"excerpt":{"rendered":"<p>La phase \u00e9lections achev\u00e9es, le chef de l\u2019\u00c9tat et chef supr\u00eame des arm\u00e9es a rendu un hommage tr\u00e8s appuy\u00e9 au professionnalisme de \u00ab\u00a0 la colonne vert\u00e9brale\u00a0\u00bb du pays \u00e0 Itsondzou, samedi. L\u2019occasion \u00e9galement de faire le point apr\u00e8s le passage d\u00e9vastateur de kenneth, surtout de pr\u00e9venir \u00ables activistes des r\u00e9seaux\u00bb que \u00able laxisme de jadis\u00bb [&hellip;]<\/p>\n","protected":false},"author":15,"featured_media":3210,"comment_status":"open","ping_status":"open","sticky":false,"template":"","format":"standard","meta":{"footnotes":""},"categories":[],"tags":[],"class_list":["post-3209","post","type-post","status-publish","format-standard","has-post-thumbnail","hentry"],"_links":{"self":[{"href":"https:\/\/masiwa-comores.com\/json\/wp\/v2\/posts\/3209","targetHints":{"allow":["GET"]}}],"collection":[{"href":"https:\/\/masiwa-comores.com\/json\/wp\/v2\/posts"}],"about":[{"href":"https:\/\/masiwa-comores.com\/json\/wp\/v2\/types\/post"}],"author":[{"embeddable":true,"href":"https:\/\/masiwa-comores.com\/json\/wp\/v2\/users\/15"}],"replies":[{"embeddable":true,"href":"https:\/\/masiwa-comores.com\/json\/wp\/v2\/comments?post=3209"}],"version-history":[{"count":1,"href":"https:\/\/masiwa-comores.com\/json\/wp\/v2\/posts\/3209\/revisions"}],"predecessor-version":[{"id":3211,"href":"https:\/\/masiwa-comores.com\/json\/wp\/v2\/posts\/3209\/revisions\/3211"}],"wp:featuredmedia":[{"embeddable":true,"href":"https:\/\/masiwa-comores.com\/json\/wp\/v2\/media\/3210"}],"wp:attachment":[{"href":"https:\/\/masiwa-comores.com\/json\/wp\/v2\/media?parent=3209"}],"wp:term":[{"taxonomy":"category","embeddable":true,"href":"https:\/\/masiwa-comores.com\/json\/wp\/v2\/categories?post=3209"},{"taxonomy":"post_tag","embeddable":true,"href":"https:\/\/masiwa-comores.com\/json\/wp\/v2\/tags?post=3209"}],"curies":[{"name":"wp","href":"https:\/\/api.w.org\/{rel}","templated":true}]}}