{"id":3178,"date":"2019-04-30T09:46:05","date_gmt":"2019-04-30T06:46:05","guid":{"rendered":"https:\/\/masiwa-comores.com\/?p=3178"},"modified":"2019-04-30T09:46:05","modified_gmt":"2019-04-30T06:46:05","slug":"fait-divers-corps-calcine-la-piste-criminelle-privilegiee","status":"publish","type":"post","link":"https:\/\/masiwa-comores.com\/non-classe\/fait-divers-corps-calcine-la-piste-criminelle-privilegiee\/","title":{"rendered":"Fait divers : CORPS CALCIN\u00c9, LA PISTE CRIMINELLE PRIVIL\u00c9GI\u00c9E"},"content":{"rendered":"<p>A une centaine de m\u00e8tres \u00e0 la sortie du village de Panda ya Badjini, dans le sud de Ngazidja, un corps calcin\u00e9 a \u00e9t\u00e9 d\u00e9couvert dimanche dernier dans une voiture br\u00fbl\u00e9e. L&#8217;enqu\u00eate men\u00e9e conjointement par la Gendarmerie et la Police r\u00e9v\u00e8le que le v\u00e9hicule \u00e9tait calcin\u00e9 depuis la soir\u00e9e du vendredi entre 23h et 00min. Mais, malgr\u00e9 la circulation sur cette route, personne n\u2019avait remarqu\u00e9 le corps gisant dans la Laguna. Il a fallu attendre dimanche, et l\u2019identification du propri\u00e9taire du v\u00e9hicule pour inspecter la voiture et faire la d\u00e9couverte macabre. Et &#8221; les examens r\u00e9alis\u00e9s par le m\u00e9decin nous a permis d\u2019identifier que le corps calcin\u00e9 est de sexe masculin&#8221; d\u00e9clare Mohamed Abdou.<br \/>\nSelon toujours le procureur, les \u00e9l\u00e9ments recueillis permettent de privil\u00e9gier &#8220;la piste criminelle m\u00eame si nous n\u2019\u00e9cartons pas les autres pistes &#8220;. Le propri\u00e9taire du v\u00e9hicule est identifi\u00e9 et &#8221; 9 personnes &#8221; sont arr\u00eat\u00e9es et d&#8217;autres encore recherch\u00e9es. Le parquet n&#8217;a pas souhait\u00e9 livrer des d\u00e9tails. Un autre corps serait d\u00e9couvert hier, d\u2019apr\u00e8s les confr\u00e8res de Hayba FM.<br \/>\nPour rappel, il y a presque 3 semaines, une personne a \u00e9t\u00e9 retrouv\u00e9e \u00absans vie\u00bb dans le nord de la capitale, \u00e0 Sahara. Un autre jeune de Bweni dans la r\u00e9gion de Bambao aussi, il y a quelques mois. Et jusqu&#8217;aujourd&#8217;hui, personne ne sait s&#8217;il a \u00e9t\u00e9 assassin\u00e9 ou s&#8217;il s&#8217;agit d&#8217;un d\u00e9c\u00e8s naturel. Un silence qui entretient la psychose et laisse place \u00e0 toutes les hypoth\u00e8ses.<\/p>\n","protected":false},"excerpt":{"rendered":"<p>A une centaine de m\u00e8tres \u00e0 la sortie du village de Panda ya Badjini, dans le sud de Ngazidja, un corps calcin\u00e9 a \u00e9t\u00e9 d\u00e9couvert dimanche dernier dans une voiture br\u00fbl\u00e9e. L&#8217;enqu\u00eate men\u00e9e conjointement par la Gendarmerie et la Police r\u00e9v\u00e8le que le v\u00e9hicule \u00e9tait calcin\u00e9 depuis la soir\u00e9e du vendredi entre 23h et 00min. [&hellip;]<\/p>\n","protected":false},"author":15,"featured_media":3179,"comment_status":"open","ping_status":"open","sticky":false,"template":"","format":"standard","meta":{"footnotes":""},"categories":[],"tags":[],"class_list":["post-3178","post","type-post","status-publish","format-standard","has-post-thumbnail","hentry"],"_links":{"self":[{"href":"https:\/\/masiwa-comores.com\/json\/wp\/v2\/posts\/3178","targetHints":{"allow":["GET"]}}],"collection":[{"href":"https:\/\/masiwa-comores.com\/json\/wp\/v2\/posts"}],"about":[{"href":"https:\/\/masiwa-comores.com\/json\/wp\/v2\/types\/post"}],"author":[{"embeddable":true,"href":"https:\/\/masiwa-comores.com\/json\/wp\/v2\/users\/15"}],"replies":[{"embeddable":true,"href":"https:\/\/masiwa-comores.com\/json\/wp\/v2\/comments?post=3178"}],"version-history":[{"count":1,"href":"https:\/\/masiwa-comores.com\/json\/wp\/v2\/posts\/3178\/revisions"}],"predecessor-version":[{"id":3180,"href":"https:\/\/masiwa-comores.com\/json\/wp\/v2\/posts\/3178\/revisions\/3180"}],"wp:featuredmedia":[{"embeddable":true,"href":"https:\/\/masiwa-comores.com\/json\/wp\/v2\/media\/3179"}],"wp:attachment":[{"href":"https:\/\/masiwa-comores.com\/json\/wp\/v2\/media?parent=3178"}],"wp:term":[{"taxonomy":"category","embeddable":true,"href":"https:\/\/masiwa-comores.com\/json\/wp\/v2\/categories?post=3178"},{"taxonomy":"post_tag","embeddable":true,"href":"https:\/\/masiwa-comores.com\/json\/wp\/v2\/tags?post=3178"}],"curies":[{"name":"wp","href":"https:\/\/api.w.org\/{rel}","templated":true}]}}