{"id":3065,"date":"2019-04-17T23:52:02","date_gmt":"2019-04-17T20:52:02","guid":{"rendered":"https:\/\/masiwa-comores.com\/?p=3065"},"modified":"2019-04-17T23:52:02","modified_gmt":"2019-04-17T20:52:02","slug":"mliva-nous-navons-pas-droit-a-lerreur","status":"publish","type":"post","link":"https:\/\/masiwa-comores.com\/non-classe\/mliva-nous-navons-pas-droit-a-lerreur\/","title":{"rendered":"Mliva, \u00abnous n\u2019avons pas droit \u00e0 l\u2019erreur!\u00bb"},"content":{"rendered":"<p><strong>A quelques jours du second tour des \u00e9lections gubernatoriales, Ali Mliva Youssouf fait le point d\u2019un \u00abprocessus lanc\u00e9 depuis les Assises, avec comme finalit\u00e9 les \u00e9lections anticip\u00e9es de mars et avril\u00bb, auquel l\u2019alliance se serait pr\u00e9par\u00e9e \u00e0 \u00ables gagner\u00bb. La mission presque \u00abaccomplie\u00bb, il f\u00e9licite tous ceux qui y ont contribu\u00e9 et appelle \u00e0 \u00abfaire de ce nouveau mandat, la rampe de lancement de l\u2019\u00e9mergence derri\u00e8re le chef de l\u2019\u00c9tat\u00bb, parce que \u00abnous n\u2019avons pas droit \u00e0 l\u2019erreur\u00bb. Il commente aussi toute l\u2019actualit\u00e9.\u00a0Par BIM\u00a0<\/strong><\/p>\n<p>[ihc-hide-content ihc_mb_type=&#8221;show&#8221; ihc_mb_who=&#8221;2,3,4,5,6,9&#8243; ihc_mb_template=&#8221;1&#8243; ]<\/p>\n<p>Le \u00abprocessus lanc\u00e9 depuis les Assises, avec comme finalit\u00e9 les \u00e9lections anticip\u00e9es de mars et avril\u00bb, c\u2019est l\u2019angle choisi par le secr\u00e9taire g\u00e9n\u00e9ral de la Mouvance pr\u00e9sidentielle lors d\u2019un exercice peu usuel qu\u2019est l\u2019entretien libre. Il a rajout\u00e9 une autre sp\u00e9cificit\u00e9, l\u2019invitation de la presse \u00e9crite uniquement, hier au si\u00e8ge de l\u2019alliance pour partager son regard sur les \u00e9lections anticip\u00e9es et passer en revue l\u2019actualit\u00e9.<br \/>\nC\u2019est un secr\u00e9taire g\u00e9n\u00e9ral d\u00e9tendu, seul qui esquisse, \u00e0 d\u00e9faut d\u2019un bilan de son exercice, une analyse du \u00abprocessus\u00bb qui s\u2019ach\u00e8ve avec les \u00e9lections de dimanche. Par l\u00e0 il faut comprendre, les \u00abAssises Nationales, le r\u00e9f\u00e9rendum et les \u00e9lections anticip\u00e9es\u00bb. Car selon Mliva, ils forment un tout et ce depuis le d\u00e9part. Un avantage certain, un atout dans la manche de l\u2019Alliance qu\u2019aucun des candidats de l\u2019opposition ne voulait croire et ne s\u2019y est pr\u00e9par\u00e9 vraiment. Mart\u00e8le-il.<br \/>\nUne assertion qui revient comme leitmotive pour expliquer \u00ab\u00a0la d\u00e9faite\u00a0\u00bb des 12. Contrairement \u00e0 la mouvance qui a pris le temps de structurer et de s\u2019organiser en cons\u00e9quence , parce qu\u2019au fait de l\u2019agenda d\u2019Azali, \u00ab\u00a0l\u2019opposition ne s\u2019est pas pr\u00e9par\u00e9e pour gagner les \u00e9lections\u00a0\u00bb. Il occulte les fraudes d\u00e9nonc\u00e9es et s\u2019attelle \u00e0 d\u00e9montrer les d\u00e9faillances de ses adversaires. Quand l\u2019opposition d\u00e9nonce \u00ab\u00a0le hold-up \u00e9lectoral et affirme qu\u2019il y a eu \u00ab\u00a0interruption des \u00e9lections\u00a0\u00bb, il r\u00e9torque qu\u2019\u00a0\u00ab\u00a0il suffit de juxtaposer les faits pour se rendre compte de la malhonn\u00eatet\u00e9 intellectuelle, surtout de la part de Larifou, sur TV5. Les \u00e9lections ont bien d\u00e9marr\u00e9 \u00e0 8H00. Tous les candidats ont vot\u00e9. Arriv\u00e9 \u00e0 16H00, ils ont d\u00e9cid\u00e9 de casser les urnes quand ils ont constat\u00e9 qu\u2019ils allaient \u00eatre battus\u00a0\u00bb.<br \/>\nEt lorsque le candidat au gouvernorat Aboudou Soefou ose partager ses craintes de fraudes massives en faveur de la candidate de la mouvance, la r\u00e9plique est aussi cinglante\u00a0: \u00ab\u00a0 Je regrette que notre adversaire au lieu de se ficaliser sur sa campagne prof\u00e8re des all\u00e9gations de tricheries. Il reproduit la m\u00eame chose que les 12 candidats \u00e0 la pr\u00e9sidence\u00a0\u00bb.<br \/>\nLe rapport de la mission d\u2019observation de la commission de l\u2019union africaine d\u00e9clarant \u00eatre incapable de se prononcer sur \u00ab\u00a0la transparence et la cr\u00e9dibilit\u00e9 des \u00e9lections\u00a0\u00bb n\u2019a pas de prise sur le secr\u00e9taire g\u00e9n\u00e9ral. Ce qui importe c\u2019est d\u2019avoir r\u00e9ussi \u00e0 qualifier deux candidats sur quatre d\u00e8s le premier tour et d\u2019esp\u00e9rer un grand chelem avec les deux autres admissibles au second tour. Des r\u00e9sultats qu\u2019il met sur le compte d\u2019une adh\u00e9sion de la population comorienne \u00e0 \u00ab\u00a0des projets structurants\u00a0\u00bb r\u00e9pondant aux \u00abbesoins des comoriens\u00a0\u00bb. D\u2019o\u00f9 l\u2019obligation de \u00abfaire de ce nouveau mandat, la rampe de lancement de l\u2019\u00e9mergence derri\u00e8re le chef de l\u2019\u00c9tat\u00bb parce que \u00ab\u00a0nous n\u2019avons pas droit \u00e0 l\u2019erreur\u00bb.<br \/>\nSurtout, il ne faut pas lui parler de responsabilit\u00e9 partag\u00e9e dans la crise post-\u00e9lectorale. \u00abCeux qui ont pris l\u2019initiative de semer les troubles n\u2019ont qu\u2019 \u00e0 assumer cette responsabilit\u00e9, comme ceux qui ont attaqu\u00e9 Kandani\u00a0\u00bb. Et le coupable est tout d\u00e9sign\u00e9 sans aucune forme de proc\u00e8s. \u00abLe CNT est une organisation hors la loi et criminelle\u00a0\u00bb.<br \/>\nQuant \u00e0 la diaspora, il lui reconna\u00eet une place importante tout en limitant le domaine d\u2019intervention. \u00abJ\u2019ai beaucoup de respect pour la diaspora comorienne, une structure indispensable et qui joue un r\u00f4le \u00e9conomique important. N\u00e9anmoins, le r\u00f4le primordial de la diaspora est d\u2019aider le pays \u00e0 se d\u00e9velopper en finan\u00e7ant les projets. Mais certaines personnes s\u2019adonnent \u00e0 la d\u00e9sinformation, et s\u00e8ment de la haine. Si certains veulent participer aux d\u00e9bats politiques, il faut qu\u2019ils rentrent \u00e0 Moroni pour partager le quotidien avec la population et s\u2019engager r\u00e9solument dans l\u2019action politique\u00a0\u00bb. Ainsi, il reprend le fameux refrain \u00ab\u00a0rentre ou la ferme\u00a0\u00bb.<br \/>\nSur la proposition de loi d\u2019amnistie, il pose un pr\u00e9alable\u00a0: la reconnaissance des statuts actuels. \u00ab\u00a0Ils ne sont pas en prison pour rien. Il faut l\u2019accepter. Ils ne sont pas des prisonniers politiques. Un prisonnier politique auteur de d\u00e9stabilisation, de crimes, de coup d\u2019\u00c9tat, c\u2019est un d\u00e9ni de r\u00e9alit\u00e9.\u00a0\u00bb Et il ajoute: \u00ab\u00a0Il y a eu un proc\u00e8s et des condamnations, l\u2019appel \u00e0 la cl\u00e9mence est tout \u00e0 fait normal.\u00bb<br \/>\nQuant \u00e0 l\u2019app\u00e9tence \u00e0 utiliser les r\u00e9seaux sociaux, au d\u00e9part honnis, pour tenter de prouver l\u2019authenticit\u00e9 de documents ou discr\u00e9diter des personnes, il d\u00e9plore la d\u00e9marche et r\u00e9it\u00e8re que pour lui, la proclamation des r\u00e9sultats par les organismes charg\u00e9s des \u00e9lections suffit pour valider le processus \u00e9lectoral.<\/p>\n<p>&nbsp;<\/p>\n<p>[\/ihc-hide-content]<\/p>\n<p>&nbsp;<\/p>\n","protected":false},"excerpt":{"rendered":"<p>A quelques jours du second tour des \u00e9lections gubernatoriales, Ali Mliva Youssouf fait le point d\u2019un \u00abprocessus lanc\u00e9 depuis les Assises, avec comme finalit\u00e9 les \u00e9lections anticip\u00e9es de mars et avril\u00bb, auquel l\u2019alliance se serait pr\u00e9par\u00e9e \u00e0 \u00ables gagner\u00bb. La mission presque \u00abaccomplie\u00bb, il f\u00e9licite tous ceux qui y ont contribu\u00e9 et appelle \u00e0 \u00abfaire [&hellip;]<\/p>\n","protected":false},"author":15,"featured_media":3066,"comment_status":"open","ping_status":"open","sticky":false,"template":"","format":"standard","meta":{"footnotes":""},"categories":[],"tags":[],"class_list":["post-3065","post","type-post","status-publish","format-standard","has-post-thumbnail","hentry"],"_links":{"self":[{"href":"https:\/\/masiwa-comores.com\/json\/wp\/v2\/posts\/3065","targetHints":{"allow":["GET"]}}],"collection":[{"href":"https:\/\/masiwa-comores.com\/json\/wp\/v2\/posts"}],"about":[{"href":"https:\/\/masiwa-comores.com\/json\/wp\/v2\/types\/post"}],"author":[{"embeddable":true,"href":"https:\/\/masiwa-comores.com\/json\/wp\/v2\/users\/15"}],"replies":[{"embeddable":true,"href":"https:\/\/masiwa-comores.com\/json\/wp\/v2\/comments?post=3065"}],"version-history":[{"count":1,"href":"https:\/\/masiwa-comores.com\/json\/wp\/v2\/posts\/3065\/revisions"}],"predecessor-version":[{"id":3067,"href":"https:\/\/masiwa-comores.com\/json\/wp\/v2\/posts\/3065\/revisions\/3067"}],"wp:featuredmedia":[{"embeddable":true,"href":"https:\/\/masiwa-comores.com\/json\/wp\/v2\/media\/3066"}],"wp:attachment":[{"href":"https:\/\/masiwa-comores.com\/json\/wp\/v2\/media?parent=3065"}],"wp:term":[{"taxonomy":"category","embeddable":true,"href":"https:\/\/masiwa-comores.com\/json\/wp\/v2\/categories?post=3065"},{"taxonomy":"post_tag","embeddable":true,"href":"https:\/\/masiwa-comores.com\/json\/wp\/v2\/tags?post=3065"}],"curies":[{"name":"wp","href":"https:\/\/api.w.org\/{rel}","templated":true}]}}