{"id":2599,"date":"2019-03-19T06:39:42","date_gmt":"2019-03-19T03:39:42","guid":{"rendered":"https:\/\/masiwa-comores.com\/?p=2599"},"modified":"2019-03-19T06:39:42","modified_gmt":"2019-03-19T03:39:42","slug":"de-leau-dans-le-gaz-entre-la-ceni-et-les-observateurs-electoraux","status":"publish","type":"post","link":"https:\/\/masiwa-comores.com\/non-classe\/de-leau-dans-le-gaz-entre-la-ceni-et-les-observateurs-electoraux\/","title":{"rendered":"De l\u2019eau dans le gaz entre la Ceni et les observateurs \u00e9lectoraux"},"content":{"rendered":"<p><strong>La CENI, ou en tout cas son secr\u00e9taire g\u00e9n\u00e9ral, prend une position qui pourrait avoir comme cons\u00e9quence l\u2019absence dans les bureaux de vote des observateurs \u00e9lectoraux de la plateforme comorienne de veille citoyenne (Pcvc), une structure nationale d\u2019observatoire \u00e9lectoral. Les choses allaient bon train entre les deux partenaires. Comme chaque mission d\u2019observation, une demande doit \u00eatre d\u00fbment adress\u00e9e \u00e0 la CENI en vue des accr\u00e9ditations. Ce \u00e0 quoi s\u2019est appliqu\u00e9e la plateforme qui a obtenu du pr\u00e9sident de la commission \u00e9lectorale une r\u00e9ponse favorable<\/strong>.\u00a0<em>Par TM<\/em><\/p>\n<p>[ihc-hide-content ihc_mb_type=&#8221;show&#8221; ihc_mb_who=&#8221;2,3,4,5,6,9&#8243; ihc_mb_template=&#8221;1&#8243; ]<\/p>\n<p>\u00ab\u00a0Dans une perspective de participer \u00e0 une observation des \u00e9lections en cours, je vous saurai gr\u00e9 de nous faire parvenir et dans les meilleurs d\u00e9lais possibles, une demande collective, accompagn\u00e9e d\u2019une fiche individuelle et deux photos d\u2019identit\u00e9 pour chaque membre\u00a0\u00bb, peut-on lire dans ce courrier du pr\u00e9sident de la Ceni Djaza Ahmed, adress\u00e9 au coordinateur national de la Pcvc Salim Soulaimana, le 21 f\u00e9vrier. La surprise, et elle est de taille, c\u2019est quand au moment d\u2019obtenir les accr\u00e9ditations le secr\u00e9taire g\u00e9n\u00e9ral de la Ceni a pris le contre-pied du pr\u00e9sident de l\u2019institution, exigeant de la Pcvc une convention entre son bailleur et l\u2019\u00c9tat comorien.<\/p>\n<p>\u00ab\u00a0Par courrier du 11 mars le coordinateur national a d\u00e9pos\u00e9 la liste des observateurs pour les accr\u00e9ditations individuelles. Il a fait r\u00e9f\u00e9rence \u00e0 la Ceni d\u2019un financement ext\u00e9rieur qui n\u2019appara\u00eet pas dans les apports du budget \u00e9lectoral, pris en charge totalement par l\u2019\u00c9tat Comorien. La Ceni demande \u00e0 la Pcvc de pr\u00e9senter la convention de financement sign\u00e9 par l\u2019\u00c9tat Comorien avec cet organisme international, avant de proc\u00e9der \u00e0 l\u2019accr\u00e9ditation des observateurs\u00bb, devait leur prendre de court le secr\u00e9taire g\u00e9n\u00e9ral de la Ceni, dans une \u00abmise au point\u00bb publi\u00e9e dans le journal de l\u2019\u00c9tat le 15 mars.<\/p>\n<p>\u00abDepuis 2002 les organisations de la soci\u00e9t\u00e9 civile ont toujours \u00e9t\u00e9 accompagn\u00e9es par les partenaires des Comores. Dans le cadre des \u00e9lections, l\u2019OIF finance des organisations nationales, l\u2019union africaine, l\u2019union europ\u00e9enne et la ligue des \u00c9tats arabes de m\u00eame\u2026Et \u00e7a n\u2019a jamais \u00e9t\u00e9 demand\u00e9 par la Ceni. Ces conventions sont sign\u00e9es entre \u00c9tat et institution. Mais il y a des lignes budg\u00e9taires qui n\u2019engagent que le bailleur et l\u2019organisation b\u00e9n\u00e9ficiaire dans le cadre des droits humains\u00bb, explique Salim Soulaimana interrog\u00e9 par Masiwa.<\/p>\n<p>Ce coordinateur national de ladite plateforme estime que cette mise au point \u00abn\u2019engage que son auteur\u00bb car, \u00able pr\u00e9sident de la Ceni nous a bel et bien donn\u00e9 son accord comme il sait depuis la nuit des temps que nous sommes toujours financ\u00e9s par des bailleurs \u00e9trangers\u00bb. \u00abJe pense qu\u2019il y a eu une erreur d\u2019appr\u00e9ciation et que \u00e7a va \u00eatre corrig\u00e9 dans les meilleurs d\u00e9lais\u00bb, esp\u00e8re celui qui trouverait \u00abdommage pour la transparence \u00e9lectorale\u00bb si d\u2019aventure la Ceni embrassait la position de son secr\u00e9taire g\u00e9n\u00e9ral.<\/p>\n<p>L\u2019Union Europ\u00e9enne doit accorder une enveloppe de 300 000 euros soit pr\u00e8s de 150 millions de nos francs \u00e0 la plateforme comorienne de veille citoyenne dans le cadre de ces \u00e9lections. Avec cette manne, la plateforme est capable de mobiliser des observateurs qui correspondent au nombre de bureaux de vote, et recueillir les r\u00e9sultats puis les centraliser aussit\u00f4t le d\u00e9compte fait. Ne serait-ce pas cette capacit\u00e9 de couvrir \u00e0 100% les bureaux de vote qui inqui\u00e8te la Ceni? Aucune autre organisation de la soci\u00e9t\u00e9 civile ne pourra mobiliser une telle \u00e9quipe au niveau national, faute de budget cons\u00e9quent, pas m\u00eame l\u2019Obselec qui, elle, est financ\u00e9e par l\u2019Oif.<\/p>\n<p>[\/ihc-hide-content]<\/p>\n","protected":false},"excerpt":{"rendered":"<p>La CENI, ou en tout cas son secr\u00e9taire g\u00e9n\u00e9ral, prend une position qui pourrait avoir comme cons\u00e9quence l\u2019absence dans les bureaux de vote des observateurs \u00e9lectoraux de la plateforme comorienne de veille citoyenne (Pcvc), une structure nationale d\u2019observatoire \u00e9lectoral. Les choses allaient bon train entre les deux partenaires. Comme chaque mission d\u2019observation, une demande doit [&hellip;]<\/p>\n","protected":false},"author":15,"featured_media":2600,"comment_status":"open","ping_status":"open","sticky":false,"template":"","format":"standard","meta":{"footnotes":""},"categories":[],"tags":[],"class_list":["post-2599","post","type-post","status-publish","format-standard","has-post-thumbnail","hentry"],"_links":{"self":[{"href":"https:\/\/masiwa-comores.com\/json\/wp\/v2\/posts\/2599","targetHints":{"allow":["GET"]}}],"collection":[{"href":"https:\/\/masiwa-comores.com\/json\/wp\/v2\/posts"}],"about":[{"href":"https:\/\/masiwa-comores.com\/json\/wp\/v2\/types\/post"}],"author":[{"embeddable":true,"href":"https:\/\/masiwa-comores.com\/json\/wp\/v2\/users\/15"}],"replies":[{"embeddable":true,"href":"https:\/\/masiwa-comores.com\/json\/wp\/v2\/comments?post=2599"}],"version-history":[{"count":1,"href":"https:\/\/masiwa-comores.com\/json\/wp\/v2\/posts\/2599\/revisions"}],"predecessor-version":[{"id":2601,"href":"https:\/\/masiwa-comores.com\/json\/wp\/v2\/posts\/2599\/revisions\/2601"}],"wp:featuredmedia":[{"embeddable":true,"href":"https:\/\/masiwa-comores.com\/json\/wp\/v2\/media\/2600"}],"wp:attachment":[{"href":"https:\/\/masiwa-comores.com\/json\/wp\/v2\/media?parent=2599"}],"wp:term":[{"taxonomy":"category","embeddable":true,"href":"https:\/\/masiwa-comores.com\/json\/wp\/v2\/categories?post=2599"},{"taxonomy":"post_tag","embeddable":true,"href":"https:\/\/masiwa-comores.com\/json\/wp\/v2\/tags?post=2599"}],"curies":[{"name":"wp","href":"https:\/\/api.w.org\/{rel}","templated":true}]}}