{"id":12996,"date":"2026-04-27T14:07:11","date_gmt":"2026-04-27T11:07:11","guid":{"rendered":"https:\/\/masiwa-comores.com\/?p=12996"},"modified":"2026-04-27T14:18:25","modified_gmt":"2026-04-27T11:18:25","slug":"comores-expo-a-marseille-5-participants-5-questions","status":"publish","type":"post","link":"https:\/\/masiwa-comores.com\/culture\/comores-expo-a-marseille-5-participants-5-questions\/","title":{"rendered":"Comores expo \u00e0 Marseille. 5 participants \/ 5 questions"},"content":{"rendered":"\n<p>Apr\u00e8s la r\u00e9gion parisienne les 4 et 5 avril, Comores Expo s\u2019est tenu pour la premi\u00e8re fois \u00e0 Marseille (affectueusement surnomm\u00e9e la cinqui\u00e8me \u00eele des Comores) les 11 et 12 avril au World Trade Center. Voici les impressions de diff\u00e9rent.e.s participant.e.s<\/p>\n\n\n\n<p><em>Propos recueillis par Nawal Msa\u00efsi\u00e9\u00a0<\/em><\/p>\n\n\n\n<p><strong>Les 5 questions :<\/strong><\/p>\n\n\n\n<p>Quelle est la raison de votre participation \u00e0 Comores Expos ?<\/p>\n\n\n\n<p>Qu&#8217;est-ce que vous avez aim\u00e9 ?<\/p>\n\n\n\n<p>Qu\u2019est-ce que vous n\u2019avez pas aim\u00e9 ?<\/p>\n\n\n\n<p>Quel est votre ressenti sur la fa\u00e7on dont le public a accueilli l\u2019\u00e9v\u00e9nement ?<\/p>\n\n\n\n<p>Quelle est la port\u00e9e\/ le symbole de ce genre d\u2019\u00e9v\u00e9nements pour la communaut\u00e9?<\/p>\n\n\n\n<p><strong>S., habitante de Marseille \u00ab&nbsp;Je devais y faire un aller-retour, mais, au final, pour donner la force \u00e0 mes amis, je suis revenue sur les 2 journ\u00e9es&nbsp;\u00bb<\/strong><\/p>\n\n\n\n<p>S. a d\u00e9couvert Comores expo en 2025, lors de sa premi\u00e8re \u00e9dition, \u00e0 travers les r\u00e9seaux sociaux de sa famille et de ses amis de Paris. L\u2019\u00e9dition 2026 \u00e0 Paris a encore plus piqu\u00e9 sa \u00ab&nbsp;curiosit\u00e9&nbsp;\u00bb, m\u00eame si elle avait l\u2019impression que l\u2019\u00e9dition 2026 avait \u00ab&nbsp;moins d\u2019ambiance&nbsp;\u00bb que l\u2019\u00e9dition 2025. Dans sa ville, donc, ce qu\u2019elle a aim\u00e9, c\u2019est le concept, car elle trouve \u00e7a \u00ab&nbsp;cool&nbsp;\u00bb de faire d\u00e9couvrir les Comores gr\u00e2ce \u00e0 ce genre d\u2019\u00e9v\u00e9nements. En revanche, elle regrette que l\u2019aspect culturel ait \u00e9t\u00e9 peu repr\u00e9sent\u00e9 \u00ab&nbsp;il n\u2019y avait pas de stands pour se procurer des tissus des Comores&nbsp;\u00bb, il n\u2019y avait non plus de stand repas le premier jour. De plus, \u00ab&nbsp;ma tante a un gendre non comorien tr\u00e8s curieux de notre culture et de nos coutumes et, malheureusement, nous avons constat\u00e9 que les deux journ\u00e9es ne donnaient pas la possibilit\u00e9 de l\u2019y initier, il n\u2019est finalement pas venu&nbsp;\u00bb.<\/p>\n\n\n\n<p>Elle remercie les organisateurs d\u2019avoir propos\u00e9 un prix si attractif \u00ab&nbsp;dix euros pour deux jours de visite, c\u2019\u00e9tait vraiment tr\u00e8s bien&nbsp;\u00bb.<\/p>\n\n\n\n<p><strong>M., habitante de Marseille \u00ab&nbsp;la communication de l\u2019\u00e9v\u00e9nement et son organisation n\u2019ont pas \u00e9t\u00e9 align\u00e9es sur les caract\u00e9ristiques de Marseille&nbsp;\u00bb.<\/strong><\/p>\n\n\n\n<p>M. salue l\u2019initiative et surtout le fait que l\u2019\u00e9v\u00e9nement ait \u00e9t\u00e9 organis\u00e9 dans un lieu central de Marseille et \u00ab&nbsp;pas dans une salle de mariage&nbsp;\u00bb. Ce lieu est symbolique, car il a permis de souligner le caract\u00e8re et l\u2019objectif de Comores Expo dans un lieu connu pour accueillir des \u00e9v\u00e9nements en lien avec le secteur \u00e9conomique de la ville. Pour autant le public \u00e9tait peu pr\u00e9sent. M. l\u2019explique par une campagne de communication qu\u2019elle a estim\u00e9 peu adapt\u00e9e \u00e0 Marseille \u00ab&nbsp;on ne peut pas faire d\u2019\u00e9v\u00e9nements \u00e0 Marseille sans affichage, les affiches sur les lieux fr\u00e9quent\u00e9s par la communaut\u00e9 comorienne ont un grand impact sur la pr\u00e9sence du public sur ce genre d\u2019\u00e9v\u00e9nement. A Marseille, communiquer sur les r\u00e9seaux ne suffit pas&nbsp;\u00bb. De m\u00eame, les th\u00e9matiques des conf\u00e9rences tenues \u00e9taient tr\u00e8s int\u00e9ressantes, mais le programme n\u2019a pas \u00e9t\u00e9 communiqu\u00e9 en amont, ce qui a desservi l\u2019\u00e9v\u00e9nement.<\/p>\n\n\n\n<p>Elle a appr\u00e9ci\u00e9 que beaucoup d\u2019entreprises si\u00e9geant aux Comores aient fait le d\u00e9placement depuis Moroni pour donner plus de visibilit\u00e9 aux initiatives entrepreneuriales aux Comores ; n\u00e9anmoins elle regrette que peu d\u2019entrepreneurs franco-comoriens habitant Marseille soient venus : \u00ab&nbsp;un manque de communication ? des prix de stands trop chers ? Un manque d\u2019accompagnement en benchmarking pour assurer une client\u00e8le aux participants ?&nbsp;\u00bb<\/p>\n\n\n\n<p>L\u2019\u00e9v\u00e9nement a \u00e9t\u00e9 marquant pour les participants et ne peut que s\u2019am\u00e9liorer, l\u2019esp\u00e8re-t-elle, pour une nouvelle \u00e9dition en 2027.<\/p>\n\n\n\n<p><strong>A., exposante \u00e0 Paris et \u00e0 Marseille : \u00ab&nbsp;Nous ne sommes plus de simples spectateurs, mais de plus en plus des acteurs engag\u00e9s du changement.&nbsp;\u00bb<\/strong><\/p>\n\n\n\n<p>A. a fait le d\u00e9placement sur les deux \u00e9v\u00e9nements, car pour elle, \u00ab&nbsp;Comores expo est un symbole fort. Cet \u00e9v\u00e9nement valorise pleinement le savoir-faire comorien, notamment celui des entrepreneurs bas\u00e9s en France.<\/p>\n\n\n\n<p>Il offre une visibilit\u00e9 \u00e0 tous ces talents qui restent encore trop souvent dans l\u2019ombre. C\u2019est une v\u00e9ritable vitrine de notre dynamisme et de notre capacit\u00e9 \u00e0 entreprendre&nbsp;\u00bb.<\/p>\n\n\n\n<p>Elle a aim\u00e9 revoir des connaissances, \u00e9changer et valoriser les Comores. Tout comme S. et M., elle regrette que l\u2019\u00e9v\u00e9nement ait attir\u00e9 peu de monde (compar\u00e9 au nombre de participants attendus \u00e0 Marseille, o\u00f9 la communaut\u00e9 est fortement repr\u00e9sent\u00e9e), tant au niveau du public qu\u2019au niveau des entrepreneurs comoriens. Elle note toutefois que le public pr\u00e9sent \u00e9tait mixte avec la pr\u00e9sence de tr\u00e8s jeunes enfants, de parents, de notables qui montrent, selon elle, une fiert\u00e9 de la part de la communaut\u00e9 de voir la tenue de ce genre d\u2019\u00e9v\u00e9nements.<\/p>\n\n\n\n<p>Pour l\u2019\u00e9dition de l\u2019ann\u00e9e prochaine, elle souligne un point d\u2019am\u00e9lioration indispensable \u00ab&nbsp;le programme des conf\u00e9rences doit \u00eatre communiqu\u00e9 en amont, et surtout ( M. l\u2019 a soulign\u00e9 aussi) , les conf\u00e9rences, pour \u00eatre audibles, doivent se tenir dans un autre espace que celui des stands ; l\u2019agencement doit permettre \u00e0 tout le monde de s\u2019entendre).<\/p>\n\n\n\n<p><strong>Nasser, Fondateur et CEO d\u2019ORELC&nbsp;: \u00ab&nbsp;J&#8217;ai particip\u00e9 pour promouvoir la langue, vendre nos manuels d&#8217;apprentissage et trouver de nouveaux apprenants pour nos formations en ligne&nbsp;\u00bb.<\/strong><\/p>\n\n\n\n<p>Nasser est un vrai passionn\u00e9 du shikomori, il ne rate pas une occasion de participer aux \u00e9v\u00e9nements qui lui permettent de valoriser la culture et les Comores dans toute leur potentialit\u00e9. Des \u00e9v\u00e9nements comme Comores expo, pour lui, symbolisent le progr\u00e8s de notre communaut\u00e9 dans l\u2019entrepreneuriat.<\/p>\n\n\n\n<p>En tant qu\u2019exposant, il a appr\u00e9ci\u00e9 l\u2019espace et l\u2019autonomie qui a \u00e9t\u00e9 conf\u00e9r\u00e9e \u00e0 chaque participant pour l\u2019agencement des stands. Il a r\u00e9ussi \u00e0 promouvoir son activit\u00e9 et a eu de nouveaux clients.<\/p>\n\n\n\n<p>Il regrette par contre qu\u2019il n\u2019y ait pas eu de circuit et\/ou de plans pour aider le public \u00e0 circuler entre les stands.<\/p>\n\n\n\n<p>Le public pr\u00e9sent semble, selon lui, avoir appr\u00e9ci\u00e9 l\u2019\u00e9v\u00e9nement, car les participants prenaient part \u00e0 chaque temps fort.&nbsp;<\/p>\n\n\n\n<p><strong>Habib Sagaf, repr\u00e9sentant du groupe AFG banque et assurances&nbsp;: \u00ab&nbsp;Quand on se sent concern\u00e9, impliqu\u00e9 par le d\u00e9veloppement des Comores, il est important de participer \u00e0 ce genre d\u2019\u00e9v\u00e9nements pour encourager et cr\u00e9er du lien entre les Comoriens vivant aux Comores et ceux de la diaspora&nbsp;\u00bb.<\/strong><\/p>\n\n\n\n<p>Le groupe AFG Bank et assurances est un groupe panafricain pr\u00e9sent dans plusieurs pays africains, dont les Comores. Le stand a eu un succ\u00e8s non n\u00e9gligeable, le public a \u00e9t\u00e9 tr\u00e8s curieux, surtout au niveau de l\u2019assurance rapatriement des corps, alors que c\u2019est un sujet qui reste tr\u00e8s sensible dans notre communaut\u00e9&nbsp;\u00bb. L\u2019entreprise a recens\u00e9 un nombre important de contacts int\u00e9ress\u00e9s par ses activit\u00e9s.<\/p>\n\n\n\n<p>Ce qui l\u2019a le plus marqu\u00e9, c\u2019est l\u2019atmosph\u00e8re qui a t\u00e9moign\u00e9 d\u2019une volont\u00e9 collective de r\u00e9ussite de l&#8217;\u00e9v\u00e9nement et de faire avancer les choses aux Comores en \u00ab&nbsp;valorisant les initiatives de chacun et en lan\u00e7ant des r\u00e9flexions profondes gr\u00e2ce \u00e0 des \u00e9changes et des d\u00e9bats de qualit\u00e9 dans les stands et lors des conf\u00e9rences&nbsp;\u00bb.<\/p>\n\n\n\n<p>Il retient de ces deux journ\u00e9es la n\u00e9cessit\u00e9 de \u00ab&nbsp;cr\u00e9er un pont solide entre les Comores et la diaspora&nbsp;\u00bb : \u00ab&nbsp;La pr\u00e9sence de l\u2019ANPI \u00e9tait essentielle pour exposer les d\u00e9marches pour investir aux Comores, mais il est aussi important pour les entrepreneurs bas\u00e9s aux Comores de proposer des moyens de capitaliser sur la diaspora et de cr\u00e9er des synergies entre les diff\u00e9rents territoires o\u00f9 se trouvent les Comoriens&nbsp;\u00bb.<\/p>\n\n\n\n<p><\/p>\n","protected":false},"excerpt":{"rendered":"<p>Apr\u00e8s la r\u00e9gion parisienne les 4 et 5 avril, Comores Expo s\u2019est tenu pour la premi\u00e8re fois \u00e0 Marseille (affectueusement surnomm\u00e9e la cinqui\u00e8me \u00eele des Comores) les 11 et 12 avril au World Trade Center. Voici les impressions de diff\u00e9rent.e.s participant.e.s Propos recueillis par Nawal Msa\u00efsi\u00e9\u00a0 Les 5 questions : Quelle est la raison de [&hellip;]<\/p>\n","protected":false},"author":3,"featured_media":13005,"comment_status":"open","ping_status":"open","sticky":false,"template":"","format":"standard","meta":{"footnotes":""},"categories":[56],"tags":[587,97],"class_list":["post-12996","post","type-post","status-publish","format-standard","has-post-thumbnail","hentry","category-culture","tag-edition-581","tag-trending"],"_links":{"self":[{"href":"https:\/\/masiwa-comores.com\/json\/wp\/v2\/posts\/12996","targetHints":{"allow":["GET"]}}],"collection":[{"href":"https:\/\/masiwa-comores.com\/json\/wp\/v2\/posts"}],"about":[{"href":"https:\/\/masiwa-comores.com\/json\/wp\/v2\/types\/post"}],"author":[{"embeddable":true,"href":"https:\/\/masiwa-comores.com\/json\/wp\/v2\/users\/3"}],"replies":[{"embeddable":true,"href":"https:\/\/masiwa-comores.com\/json\/wp\/v2\/comments?post=12996"}],"version-history":[{"count":1,"href":"https:\/\/masiwa-comores.com\/json\/wp\/v2\/posts\/12996\/revisions"}],"predecessor-version":[{"id":12998,"href":"https:\/\/masiwa-comores.com\/json\/wp\/v2\/posts\/12996\/revisions\/12998"}],"wp:featuredmedia":[{"embeddable":true,"href":"https:\/\/masiwa-comores.com\/json\/wp\/v2\/media\/13005"}],"wp:attachment":[{"href":"https:\/\/masiwa-comores.com\/json\/wp\/v2\/media?parent=12996"}],"wp:term":[{"taxonomy":"category","embeddable":true,"href":"https:\/\/masiwa-comores.com\/json\/wp\/v2\/categories?post=12996"},{"taxonomy":"post_tag","embeddable":true,"href":"https:\/\/masiwa-comores.com\/json\/wp\/v2\/tags?post=12996"}],"curies":[{"name":"wp","href":"https:\/\/api.w.org\/{rel}","templated":true}]}}