{"id":12991,"date":"2026-04-27T13:56:17","date_gmt":"2026-04-27T10:56:17","guid":{"rendered":"https:\/\/masiwa-comores.com\/?p=12991"},"modified":"2026-04-27T13:56:18","modified_gmt":"2026-04-27T10:56:18","slug":"retraites-comoriens-la-honte-dun-regime-qui-abandonne-ses-batisseurs","status":"publish","type":"post","link":"https:\/\/masiwa-comores.com\/opinion\/retraites-comoriens-la-honte-dun-regime-qui-abandonne-ses-batisseurs\/","title":{"rendered":"Retrait\u00e9s comoriens. la honte d\u2019un r\u00e9gime qui abandonne ses b\u00e2tisseurs."},"content":{"rendered":"\n<p><em>Il y a une question que notre soci\u00e9t\u00e9 refuse d\u2019affronter avec lucidit\u00e9 : que devient un citoyen comorien lorsqu\u2019il cesse de travailler ? Autrement dit, que vaut aujourd\u2019hui un retrait\u00e9 dans l\u2019Union des Comores ?<\/em><\/p>\n\n\n\n<p><em>Par AHMED Mohamed alias Ben. Coordinateur G\u00e9n\u00e9ral du ROC<\/em><\/p>\n\n\n\n<p>Un retrait\u00e9, en th\u00e9orie, est un homme ou une femme qui, apr\u00e8s des d\u00e9cennies de service rendu \u00e0 la nation, de sacrifices, de loyaut\u00e9 envers l\u2019\u00c9tat ou le secteur priv\u00e9, acc\u00e8de enfin \u00e0 un droit fondamental : celui de vivre dignement le reste de sa vie. Il est cens\u00e9 incarner la m\u00e9moire vivante de la nation, un rep\u00e8re moral, un pilier familial et social. Il devrait \u00eatre respect\u00e9, prot\u00e9g\u00e9, valoris\u00e9. Mais h\u00e9las, la r\u00e9alit\u00e9 est tout autre. Le retrait\u00e9 comorien n\u2019est pas honor\u00e9. Il est abandonn\u00e9 par le syst\u00e8me.<\/p>\n\n\n\n<p>Le retrait\u00e9 est avant tout un ancien fonctionnaire ou salari\u00e9 qui a servi sans rel\u00e2che, souvent dans des conditions difficiles, avec des salaires modiques, parfois irr\u00e9guliers. C\u2019est un instituteur qui a form\u00e9 des g\u00e9n\u00e9rations enti\u00e8res. C\u2019est un infirmier qui a sauv\u00e9 des vies sans moyens. C\u2019est un agent administratif qui a tenu l\u2019\u00c9tat debout malgr\u00e9 son inefficacit\u00e9 chronique. Aujourd\u2019hui, ces hommes et ces femmes vivent dans l\u2019angoisse permanente : celle de ne pas percevoir leur pension \u00e0 temps, de tomber malade sans couverture ad\u00e9quate, de devenir une charge pour leurs propres enfants. Leur quotidien est devenu une lutte silencieuse.<\/p>\n\n\n\n<p>Contrairement \u00e0 ce que certains pourraient penser, le retrait\u00e9 n\u2019est pas un citoyen passif. Il aspire \u00e0 une vie digne et stable, un acc\u00e8s aux soins de sant\u00e9 adapt\u00e9 \u00e0 son \u00e2ge, une reconnaissance sociale r\u00e9elle, une participation \u00e0 la vie publique, associative et communautaire et surtout une s\u00e9curit\u00e9 \u00e9conomique minimale. Il veut continuer \u00e0 exister dans la soci\u00e9t\u00e9, et non pas en \u00eatre exclu.<\/p>\n\n\n\n<h3 class=\"wp-block-heading\"><strong>Que revendiquent les 8 500 retrait\u00e9s comoriens ?<\/strong><\/h3>\n\n\n\n<p>Leurs revendications ne sont ni excessives ni irr\u00e9alistes. Elles sont tout simplement l\u00e9gitimes et basiques. Il s\u2019agit entre autres de&nbsp;:<\/p>\n\n\n\n<ul class=\"wp-block-list\">\n<li><strong>La valorisation des pensions<\/strong>. Les pensions actuelles sont d\u00e9risoires, totalement d\u00e9connect\u00e9es du co\u00fbt de la vie. Elles condamnent les retrait\u00e9s \u00e0 la pauvret\u00e9.<\/li>\n\n\n\n<li><strong>La r\u00e9gularit\u00e9 des paiements<\/strong>. Comment accepter que des retrait\u00e9s attendent des jours, voire des semaines, pour percevoir ce qui leur est d\u00fb ?<\/li>\n\n\n\n<li><strong>L\u2019\u00e9galit\u00e9 entre public et priv\u00e9<\/strong>\u00a0dans le traitement de leurs dossiers. Pourquoi cette discrimination injustifiable entre retrait\u00e9s du public et du priv\u00e9 ?<\/li>\n\n\n\n<li><strong>La modernisation du statut<\/strong><strong>. <\/strong>Le cadre juridique des retrait\u00e9s repose encore sur des textes h\u00e9rit\u00e9s de l\u2019\u00e9poque coloniale. C\u2019est juste une aberration.<\/li>\n\n\n\n<li><strong>La prise en compte de la sant\u00e9 du troisi\u00e8me \u00e2ge<\/strong>. Vieillir, c\u2019est faire face \u00e0 des maladies chroniques, \u00e0 une d\u00e9pendance progressive. O\u00f9 sont les politiques publiques pour accompagner cette r\u00e9alit\u00e9 ?<\/li>\n\n\n\n<li><strong>Le pouvoir d\u2019achat<\/strong><strong>.<\/strong> Inflation, hausse des prix, co\u00fbt de la vie insoutenable : les retrait\u00e9s sont les premi\u00e8res victimes de cette d\u00e9rive \u00e9conomique.<\/li>\n<\/ul>\n\n\n\n<p>A regarder de pr\u00e8s, ce qui se passe aujourd\u2019hui n\u2019est pas une simple d\u00e9faillance administrative. C\u2019est une n\u00e9gligence politique grave envers les retrait\u00e9s. Les autorit\u00e9s de fait ont fait le choix de d\u00e9tourner le regard. Elles trouvent toujours des ressources pour financer des actions de communications politiques, mais lorsqu\u2019il s\u2019agit de payer dignement ceux qui ont servi la nation, il n\u2019y a plus d\u2019argent. Un \u00c9tat qui abandonne ses retrait\u00e9s est un \u00c9tat sans m\u00e9moire et morale.<\/p>\n\n\n\n<h3 class=\"wp-block-heading\"><strong>Une fracture sociale dangereuse<\/strong><\/h3>\n\n\n\n<p>Le retrait\u00e9 comorien est <strong>un survivant.<\/strong> Un homme ou une femme qui, apr\u00e8s 30 ou 40 ans de service, se retrouve humili\u00e9, d\u00e9pendant, parfois r\u00e9duit \u00e0 tendre la main \u00e0 ses propres enfants pour vivre. Voil\u00e0 la v\u00e9rit\u00e9.<\/p>\n\n\n\n<p>Cette situation n\u2019est pas seulement injuste, elle me semble dangereuse. Elle envoie un message terrible \u00e0 la jeunesse : \u00ab&nbsp;Travaillez toute votre vie, et vous serez oubli\u00e9s \u00e0 la fin.&nbsp;\u00bb La nation a une dette envers ses retrait\u00e9s&nbsp;: une dette \u00e0 la fois morale, sociale et historique. Continuer \u00e0 les ignorer, c\u2019est trahir les fondements m\u00eames de notre contrat social.<\/p>\n\n\n\n<p>Cette situation fragilise \u00e0 mon avis la coh\u00e9sion familiale. Car en r\u00e9alit\u00e9, ce sont les familles qui compensent les d\u00e9faillances de l\u2019\u00c9tat. Et en majorit\u00e9 celles issues de la diaspora. Les enfants sont devenus les pensions de leurs parents. Ils prennent en charge leur sant\u00e9, au prix de leurs propres sacrifices. Oui, c\u2019est une bombe sociale \u00e0 retardement.<\/p>\n\n\n\n<p>Il est temps de rompre avec cette indiff\u00e9rence et de regarder le retrait\u00e9 comme \u00e9tant un citoyen \u00e0 part enti\u00e8re. Il est temps d\u2019engager une r\u00e9forme profonde du syst\u00e8me de retraite, une revalorisation imm\u00e9diate des pensions, la mise en place d\u2019un m\u00e9canisme de paiement fiable et transparent, une couverture sant\u00e9 sp\u00e9cifique pour les personnes \u00e2g\u00e9es. Mais, au-del\u00e0 des r\u00e9formes techniques, c\u2019est une question de dignit\u00e9 nationale. Force est de constater que les pensions vers\u00e9es sont ind\u00e9centes. Elles ne permettent m\u00eame pas de survivre dignement dans un contexte o\u00f9 le co\u00fbt de la vie explose ces derni\u00e8res ann\u00e9es.<\/p>\n\n\n\n<h3 class=\"wp-block-heading\"><strong>Une faillite morale de l\u2019\u00c9tat<\/strong><\/h3>\n\n\n\n<h3 class=\"wp-block-heading\">Le scandale ne s\u2019arr\u00eate pas l\u00e0. L\u2019\u00c9tat est incapable de moderniser un cadre juridique aussi fondamental. Pourquoi ? Parce que moderniser, c\u2019est reconna\u00eetre des droits. Reconna\u00eetre des droits, c\u2019est cr\u00e9er des obligations. Et cr\u00e9er des obligations, c\u2019est d\u00e9ranger un syst\u00e8me qui prosp\u00e8re dans l\u2019arbitraire. Ainsi, les autorit\u00e9s parlent et promettent. Mais elles n\u2019agissent pas. Elles trouvent toujours des moyens pour financer des projets de fa\u00e7ade, entretenir des client\u00e8les politiques et consolider leur pouvoir.<\/h3>\n\n\n\n<p><strong>Assez. Il faut nommer les responsabilit\u00e9s. <\/strong>Il est temps de dire les choses clairement : les autorit\u00e9s de fait sont responsables de l\u2019abandon et de l\u2019inaction. Responsables de cette injustice syst\u00e9mique. Il ne s\u2019agit plus d\u2019incomp\u00e9tence. <strong>Il s\u2019agit d\u2019un syst\u00e8me.<\/strong> Un syst\u00e8me qui privil\u00e9gie la survie politique \u00e0 la justice sociale.<\/p>\n\n\n\n<p>L\u2019histoire jugera un pouvoir qui aura choisi d\u2019ignorer ceux qui ont construit la nation. Elle jugera un r\u00e9gime qui aura pr\u00e9f\u00e9r\u00e9 le silence \u00e0 la justice. Mais d\u2019ici l\u00e0, une question demeure : <strong>combien de retrait\u00e9s devront mourir dans l\u2019indiff\u00e9rence avant que l\u2019\u00c9tat n\u2019agisse ?<\/strong>Croyez-moi<strong>, <\/strong>le retrait\u00e9 comorien n\u2019est pas un poids. Il est la m\u00e9moire vivante du pays. Et un pays qui m\u00e9prise sa m\u00e9moire est un pays condamn\u00e9 \u00e0 r\u00e9p\u00e9ter ses \u00e9checs.<\/p>\n\n\n\n<p><\/p>\n","protected":false},"excerpt":{"rendered":"<p>Il y a une question que notre soci\u00e9t\u00e9 refuse d\u2019affronter avec lucidit\u00e9 : que devient un citoyen comorien lorsqu\u2019il cesse de travailler ? Autrement dit, que vaut aujourd\u2019hui un retrait\u00e9 dans l\u2019Union des Comores ? Par AHMED Mohamed alias Ben. Coordinateur G\u00e9n\u00e9ral du ROC Un retrait\u00e9, en th\u00e9orie, est un homme ou une femme qui, [&hellip;]<\/p>\n","protected":false},"author":3,"featured_media":12876,"comment_status":"open","ping_status":"open","sticky":false,"template":"","format":"standard","meta":{"footnotes":""},"categories":[53],"tags":[587,97],"class_list":["post-12991","post","type-post","status-publish","format-standard","has-post-thumbnail","hentry","category-opinion","tag-edition-581","tag-trending"],"_links":{"self":[{"href":"https:\/\/masiwa-comores.com\/json\/wp\/v2\/posts\/12991","targetHints":{"allow":["GET"]}}],"collection":[{"href":"https:\/\/masiwa-comores.com\/json\/wp\/v2\/posts"}],"about":[{"href":"https:\/\/masiwa-comores.com\/json\/wp\/v2\/types\/post"}],"author":[{"embeddable":true,"href":"https:\/\/masiwa-comores.com\/json\/wp\/v2\/users\/3"}],"replies":[{"embeddable":true,"href":"https:\/\/masiwa-comores.com\/json\/wp\/v2\/comments?post=12991"}],"version-history":[{"count":1,"href":"https:\/\/masiwa-comores.com\/json\/wp\/v2\/posts\/12991\/revisions"}],"predecessor-version":[{"id":12993,"href":"https:\/\/masiwa-comores.com\/json\/wp\/v2\/posts\/12991\/revisions\/12993"}],"wp:featuredmedia":[{"embeddable":true,"href":"https:\/\/masiwa-comores.com\/json\/wp\/v2\/media\/12876"}],"wp:attachment":[{"href":"https:\/\/masiwa-comores.com\/json\/wp\/v2\/media?parent=12991"}],"wp:term":[{"taxonomy":"category","embeddable":true,"href":"https:\/\/masiwa-comores.com\/json\/wp\/v2\/categories?post=12991"},{"taxonomy":"post_tag","embeddable":true,"href":"https:\/\/masiwa-comores.com\/json\/wp\/v2\/tags?post=12991"}],"curies":[{"name":"wp","href":"https:\/\/api.w.org\/{rel}","templated":true}]}}