{"id":12862,"date":"2026-03-10T05:57:12","date_gmt":"2026-03-10T02:57:12","guid":{"rendered":"https:\/\/masiwa-comores.com\/?p=12862"},"modified":"2026-03-10T05:57:14","modified_gmt":"2026-03-10T02:57:14","slug":"la-lecon-de-la-guerre-reveil-necessaire-pour-les-comores","status":"publish","type":"post","link":"https:\/\/masiwa-comores.com\/opinion\/la-lecon-de-la-guerre-reveil-necessaire-pour-les-comores\/","title":{"rendered":"La le\u00e7on de la guerre : r\u00e9veil n\u00e9cessaire pour les Comores"},"content":{"rendered":"\n<p><strong>Le bouleversement mondial provoqu\u00e9 par la guerre opposant Isra\u00ebl, les \u00c9tats-Unis et l\u2019Iran constitue un signal d\u2019alarme pour l\u2019ensemble de la communaut\u00e9 internationale. Au-del\u00e0 de ses dimensions g\u00e9opolitiques et militaires, ce conflit met en lumi\u00e8re une r\u00e9alit\u00e9 que de nombreux pays pr\u00e9f\u00e8rent ignorer : la fragilit\u00e9 extr\u00eame des \u00e9conomies d\u00e9pendantes et la vuln\u00e9rabilit\u00e9 des \u00c9tats qui n\u2019ont pas assur\u00e9 leur souverainet\u00e9 strat\u00e9gique.<\/strong><\/p>\n\n\n\n<p><em>Par AHMED Mohamed alias Ben. Le Coordinateur G\u00e9n\u00e9ral du ROC<\/em><\/p>\n\n\n\n<p>Les petits \u00c9tats insulaires comme le n\u00f4tre ne peuvent pas se permettre de regarder ces \u00e9v\u00e9nements avec indiff\u00e9rence ou distance. Les Comores, par leur situation g\u00e9ographique et par la structure m\u00eame de leur \u00e9conomie, font partie des pays les plus expos\u00e9s aux chocs internationaux. Lorsque les grandes puissances entrent en confrontation, les premi\u00e8res victimes indirectes sont souvent les \u00e9conomies les plus faibles, celles dont la s\u00e9curit\u00e9 alimentaire, \u00e9nerg\u00e9tique et financi\u00e8re d\u00e9pend presque enti\u00e8rement de l\u2019ext\u00e9rieur.<\/p>\n\n\n\n<p>Notre pays importe l\u2019essentiel de ce qu\u2019il consomme : produits alimentaires, carburants, mat\u00e9riaux de construction, \u00e9quipements industriels et m\u00eame parfois certains produits agricoles de base. Cette d\u00e9pendance n\u2019est pas seulement un probl\u00e8me \u00e9conomique. Elle est une question de souverainet\u00e9 nationale.<\/p>\n\n\n\n<p>Un simple blocage des routes maritimes internationales, une flamb\u00e9e des prix du p\u00e9trole ou une perturbation des cha\u00eenes logistiques mondiales suffiraient \u00e0 plonger notre pays dans une crise majeure. Dans un contexte international instable, cette \u00e9ventualit\u00e9 n\u2019est plus une hypoth\u00e8se th\u00e9orique : elle devient un risque r\u00e9el.<\/p>\n\n\n\n<p>C\u2019est pourquoi la guerre actuelle doit \u00eatre pour nous une <strong>le\u00e7on politique et strat\u00e9gique<\/strong>. Elle nous oblige \u00e0 poser des questions fondamentales auxquelles nous ne pouvons plus \u00e9chapper. <strong>O\u00f9 va notre pays ?<\/strong><strong> Comment est-il gouvern\u00e9 ? Quelles sont nos priorit\u00e9s nationales ? <\/strong>Car gouverner un pays ne consiste pas simplement \u00e0 g\u00e9rer le quotidien ou \u00e0 maintenir un pouvoir politique. Gouverner, c\u2019est pr\u00e9voir. Gouverner, c\u2019est anticiper. Gouverner, c\u2019est programmer l\u2019avenir.<\/p>\n\n\n\n<p>Or, depuis plusieurs ann\u00e9es, force est de constater que notre pays manque de vision strat\u00e9gique claire. Les grandes politiques publiques cens\u00e9es pr\u00e9parer l\u2019avenir sont absentes ou insuffisantes. Les d\u00e9bats nationaux se concentrent trop souvent sur des questions politiciennes, alors que les v\u00e9ritables d\u00e9fis auxquels notre nation est confront\u00e9e sont structurels et existentiels.<\/p>\n\n\n\n<p><strong>La premi\u00e8re de ces priorit\u00e9s doit \u00eatre la souverainet\u00e9 alimentaire.<\/strong><\/p>\n\n\n\n<p>Un pays qui ne peut pas nourrir sa population d\u00e9pend de la volont\u00e9 des autres. Les Comores disposent pourtant de terres agricoles, d\u2019un climat favorable et d\u2019un savoir-faire traditionnel qui pourraient permettre une production bien plus importante qu\u2019aujourd\u2019hui. Il est imp\u00e9ratif de relancer une politique agricole ambitieuse, orient\u00e9e vers l\u2019autosuffisance alimentaire, la modernisation des exploitations et la valorisation des productions locales. Il ne s\u2019agit pas seulement de soutenir les agriculteurs. Il s\u2019agit de garantir la s\u00e9curit\u00e9 nationale.<\/p>\n\n\n\n<p><strong>La seconde priorit\u00e9 doit \u00eatre la souverainet\u00e9 \u00e9nerg\u00e9tique<\/strong><\/p>\n\n\n\n<p>La d\u00e9pendance quasi totale aux carburants import\u00e9s expose notre pays \u00e0 toutes les fluctuations du march\u00e9 mondial. Le d\u00e9veloppement massif des \u00e9nergies renouvelables (solaire, \u00e9olien, g\u00e9othermie) doit devenir une priorit\u00e9 strat\u00e9gique nationale. Les Comores ont le potentiel pour r\u00e9duire significativement leur d\u00e9pendance \u00e9nerg\u00e9tique, mais cela exige une vision, des investissements et une gouvernance transparente. D\u2019apr\u00e8s nos experts, nos eaux territoriales regorgent des hydrocarbures (p\u00e9trole et gaz). Il est temps de songer \u00e0 son exploitation.<\/p>\n\n\n\n<p><strong>La troisi\u00e8me priorit\u00e9 concerne la planification \u00e9conomique et territoriale<\/strong>.<\/p>\n\n\n\n<p>Les \u00c9tats qui r\u00e9ussissent ne laissent pas leur d\u00e9veloppement au hasard. Ils planifient. Ils investissent dans les infrastructures, dans l\u2019\u00e9ducation, dans la formation technique et dans la diversification \u00e9conomique. On ne peut pas se limiter \u00e0 l\u2019aide au d\u00e9veloppement. Cela tue les initiatives et de surcroit notre \u00e9conomie. Le pays doit sortir d\u2019une gestion improvis\u00e9e pour entrer dans une logique de programmation nationale \u00e0 moyen et long terme. C\u2019est le moment id\u00e9al de r\u00e9ouvrir le dossier de la d\u00e9centralisation et de surcroit de l\u2019autonomie des \u00eeles-r\u00e9gions pour d\u00e9velopper les potentiels insulaires.<\/p>\n\n\n\n<p>Mais cette r\u00e9flexion ne concerne pas uniquement les autorit\u00e9s actuellement au pouvoir. Elle concerne <strong>toutes les composantes de la soci\u00e9t\u00e9 comorienne<\/strong> : en premi\u00e8re ligne les responsables politiques, ensuite la soci\u00e9t\u00e9 civile, les intellectuels, les universitaires, les entrepreneurs, les agriculteurs, les p\u00eacheurs, la jeunesse et la diaspora. L\u2019avenir de notre pays ne peut pas \u00eatre laiss\u00e9 entre les mains d\u2019un petit cercle de d\u00e9cideurs, qui ne d\u00e9cident rien d\u2019ailleurs, mais qui tirent profit de leur position institutionnelle. Il doit \u00eatre le r\u00e9sultat d\u2019un d\u00e9bat national profond et sinc\u00e8re. Evitons les solutions faciles qui viennent des fonctionnaires des institutions internationales. Interrogeons nos experts locaux et nos chercheurs universitaires. Ce qui nous handicape aujourd\u2019hui c\u2019est la volont\u00e9 manifeste d\u2019un r\u00e9gime politique qui encourage et entretient la m\u00e9diocrit\u00e9. H\u00e9las.<\/p>\n\n\n\n<p>Nous devons collectivement prendre conscience de notre <strong>vuln\u00e9rabilit\u00e9<\/strong> \u00e9conomique, alimentaire, \u00e9nerg\u00e9tique et institutionnelle. Reconna\u00eetre cette vuln\u00e9rabilit\u00e9 n\u2019est pas un signe de faiblesse. Au contraire, c\u2019est la premi\u00e8re \u00e9tape pour construire une nation plus r\u00e9siliente. L\u2019histoire nous enseigne que les crises internationales sont souvent des moments de r\u00e9v\u00e9lation. Elles mettent \u00e0 nu les faiblesses des \u00c9tats mais elles offrent \u00e9galement l\u2019occasion de repenser les politiques nationales.<\/p>\n\n\n\n<p>Le pouvoir de fait actuel doit admettre ses limites et ses insuffisances. Comme disait feu Omar Bongo&nbsp;du Gabon&nbsp;: \u00ab&nbsp;finie la r\u00e9cr\u00e9ation, voyons les choses s\u00e9rieuses&nbsp;\u00bb. &nbsp;Le moment est venu d\u2019engager une r\u00e9flexion nationale s\u00e9rieuse sur notre mod\u00e8le de d\u00e9veloppement et sur la mani\u00e8re dont notre pays est gouvern\u00e9. Nous ne pouvons plus continuer \u00e0 naviguer \u00e0 vue dans un monde de plus en plus incertain et instable. Nous devons pr\u00e9parer l\u2019avenir de nos prog\u00e9nitures avec lucidit\u00e9, responsabilit\u00e9 et courage. Car un pays qui n\u2019anticipe pas les crises finit toujours par les subir.<\/p>\n\n\n\n<p>Les Comores doivent donc tirer les le\u00e7ons du tumulte du monde. C\u2019est n\u2019est plus une question de choix, c\u2019est un imp\u00e9ratif. Nous sommes un petit pays, mais notre destin d\u00e9pend avant tout de notre capacit\u00e9 \u00e0 nous organiser, \u00e0 produire, \u00e0 planifier et \u00e0 prot\u00e9ger notre souverainet\u00e9. Et croyez-moi nous avons les atouts qu\u2019il faut. Il suffit de les mobiliser.<\/p>\n\n\n\n<p>Face aux incertitudes de notre \u00e9poque, une seule attitude est possible : <strong>la vigilance et l\u2019anticipation<\/strong><strong>.<\/strong> C\u2019est \u00e0 cette condition que notre nation pourra affronter les d\u00e9fis du XXI\u1d49 si\u00e8cle et garantir un avenir digne aux g\u00e9n\u00e9rations futures. Ye tareh ndo hakimu.<\/p>\n\n\n\n<p><\/p>\n","protected":false},"excerpt":{"rendered":"<p>Le bouleversement mondial provoqu\u00e9 par la guerre opposant Isra\u00ebl, les \u00c9tats-Unis et l\u2019Iran constitue un signal d\u2019alarme pour l\u2019ensemble de la communaut\u00e9 internationale. Au-del\u00e0 de ses dimensions g\u00e9opolitiques et militaires, ce conflit met en lumi\u00e8re une r\u00e9alit\u00e9 que de nombreux pays pr\u00e9f\u00e8rent ignorer : la fragilit\u00e9 extr\u00eame des \u00e9conomies d\u00e9pendantes et la vuln\u00e9rabilit\u00e9 des \u00c9tats [&hellip;]<\/p>\n","protected":false},"author":3,"featured_media":12863,"comment_status":"open","ping_status":"open","sticky":false,"template":"","format":"standard","meta":{"footnotes":""},"categories":[53],"tags":[577,97],"class_list":["post-12862","post","type-post","status-publish","format-standard","has-post-thumbnail","hentry","category-opinion","tag-edition-574","tag-trending"],"_links":{"self":[{"href":"https:\/\/masiwa-comores.com\/json\/wp\/v2\/posts\/12862","targetHints":{"allow":["GET"]}}],"collection":[{"href":"https:\/\/masiwa-comores.com\/json\/wp\/v2\/posts"}],"about":[{"href":"https:\/\/masiwa-comores.com\/json\/wp\/v2\/types\/post"}],"author":[{"embeddable":true,"href":"https:\/\/masiwa-comores.com\/json\/wp\/v2\/users\/3"}],"replies":[{"embeddable":true,"href":"https:\/\/masiwa-comores.com\/json\/wp\/v2\/comments?post=12862"}],"version-history":[{"count":1,"href":"https:\/\/masiwa-comores.com\/json\/wp\/v2\/posts\/12862\/revisions"}],"predecessor-version":[{"id":12864,"href":"https:\/\/masiwa-comores.com\/json\/wp\/v2\/posts\/12862\/revisions\/12864"}],"wp:featuredmedia":[{"embeddable":true,"href":"https:\/\/masiwa-comores.com\/json\/wp\/v2\/media\/12863"}],"wp:attachment":[{"href":"https:\/\/masiwa-comores.com\/json\/wp\/v2\/media?parent=12862"}],"wp:term":[{"taxonomy":"category","embeddable":true,"href":"https:\/\/masiwa-comores.com\/json\/wp\/v2\/categories?post=12862"},{"taxonomy":"post_tag","embeddable":true,"href":"https:\/\/masiwa-comores.com\/json\/wp\/v2\/tags?post=12862"}],"curies":[{"name":"wp","href":"https:\/\/api.w.org\/{rel}","templated":true}]}}