{"id":11497,"date":"2025-02-10T20:51:00","date_gmt":"2025-02-10T17:51:00","guid":{"rendered":"https:\/\/masiwa-comores.com\/?p=11497"},"modified":"2025-02-10T20:51:02","modified_gmt":"2025-02-10T17:51:02","slug":"hikimata-ahamada-la-clameur-populaire-reclame-justice","status":"publish","type":"post","link":"https:\/\/masiwa-comores.com\/societe\/hikimata-ahamada-la-clameur-populaire-reclame-justice\/","title":{"rendered":"Hikimata Ahamada. La clameur populaire r\u00e9clame Justice"},"content":{"rendered":"\n<p><strong><em>La d\u00e9couverte du corps de Hikimata Ahamada le 1<sup>er<\/sup> f\u00e9vrier dernier a secou\u00e9 tout le pays et les r\u00e9v\u00e9lations au compte-gouttes sur les circonstances de son assassinat tiennent en haleine tout un peuple qui, depuis de nombreuses ann\u00e9es, a soif de justice depuis.<\/em><\/strong><\/p>\n\n\n\n<p><em>Par Mounawar Ibrahim<\/em><\/p>\n\n\n\n<p>Le 31 janvier 2025, la disparition de Hikimata Ahamada, originaire de Mbeni, au Nord de Ngazidja, a boulevers\u00e9 la nation comorienne. D\u00e8s le lendemain, son corps a \u00e9t\u00e9 retrouv\u00e9 dans une sc\u00e8ne macabre, suspendu dans une cuve, la t\u00eate dans l&#8217;eau. Ce crime d&#8217;une brutalit\u00e9 inou\u00efe a secou\u00e9 la conscience collective et raviv\u00e9 le d\u00e9bat sur la justice et la peine capitale aux Comores.<\/p>\n\n\n\n<p><strong>Une nation sous le choc<\/strong><\/p>\n\n\n\n<p>L\u2019annonce de la disparition de Hikimata Ahamada a imm\u00e9diatement suscit\u00e9 l\u2019inqui\u00e9tude de sa famille et de son entourage. Jeune femme pieuse et respectueuse, elle travaillait pour l\u2019agence RIA Money de Mbeni. Elle avait ainsi l\u2019habitude de transporter de l\u2019argent depuis Exim Bank de Moroni. Lorsque son corps a \u00e9t\u00e9 d\u00e9couvert, la stupeur s\u2019est transform\u00e9e en indignation. La brutalit\u00e9 du crime a soulev\u00e9 une vague d\u2019\u00e9motion \u00e0 travers tout le pays. Le procureur de la R\u00e9publique a relat\u00e9&nbsp;les d\u00e9tails de l\u2019affaire, d&#8217;apr\u00e8s les aveux de Nassurdine Ahamada dit Mikiro,&nbsp;chauffeur habituel de la victime, jusqu&#8217;ici seul mis en cause dans ce crime.<\/p>\n\n\n\n<p><strong>&nbsp;Un appel g\u00e9n\u00e9ralis\u00e9 \u00e0 la peine de mort<\/strong><\/p>\n\n\n\n<p>Face \u00e0 l\u2019horreur de ce crime, la population comorienne a r\u00e9agi avec v\u00e9h\u00e9mence. Des d\u00e9l\u00e9gations en provenance des quatre coins de l\u2019\u00eele ne cessent d\u2019aller pr\u00e9senter les condol\u00e9ances \u00e0 la ville de Mbeni. Pour dire l\u2019ampleur qu\u2019a prise ce crime. D\u2019ailleurs, une large majorit\u00e9 de Comoriens, choqu\u00e9s par l\u2019assassinat, a exig\u00e9 l\u2019application de la peine de mort. Cette revendication a \u00e9t\u00e9 \u00e9trangement soutenue par le grand mufti des Comores, qui a rappel\u00e9 que la charia pr\u00e9voit cette sanction pour les crimes graves.<br>Ce positionnement religieux et social a relanc\u00e9 un d\u00e9bat de fond sur la peine de mort. Il est important de noter que cette sanction figure toujours dans le Code p\u00e9nal comorien, bien qu\u2019elle ne soit plus appliqu\u00e9e depuis des ann\u00e9es. La derni\u00e8re ayant eu lieu en 1996, sous la pr\u00e9sidence du pr\u00e9sident Mohamed Taki.<\/p>\n\n\n\n<p>&nbsp;L\u2019ampleur de la col\u00e8re a \u00e9t\u00e9 telle que m\u00eame la famille du pr\u00e9sum\u00e9 meurtrier (aucune d\u00e9cision de justice n\u2019a \u00e9t\u00e9 rendue \u00e0&nbsp; ce jour) a \u00e9t\u00e9 sollicit\u00e9e pour donner son avis. La m\u00e8re et le fr\u00e8re de Mikiro ont d\u00e9clar\u00e9 publiquement \u00eatre en faveur de la peine capitale. Une d\u00e9claration qui, bien que compr\u00e9hensible sous le coup de l\u2019\u00e9motion, soul\u00e8ve des questions \u00e9thiques. Peut-on r\u00e9ellement attendre d&#8217;une m\u00e8re qu\u2019elle approuve une sentence aussi irr\u00e9vocable contre son propre fils ?<\/p>\n\n\n\n<p><strong>&nbsp;Un crime qui interroge<\/strong><\/p>\n\n\n\n<p>&nbsp;Au-del\u00e0 de l\u2019horreur du meurtre, la question fondamentale demeure : pourquoi un jeune homme en apparence normal aurait-il tu\u00e9 de sang-froid une jeune femme pour une somme d&#8217;environ dix millions de francs comoriens ?<\/p>\n\n\n\n<p>L\u2019absence de pr\u00e9m\u00e9ditation apparente rend ce crime encore plus troublant. Mikiro, qui connaissait les habitudes de Hikimata, ne pouvait ignorer qu\u2019il serait rapidement soup\u00e7onn\u00e9. Cette imprudence manifeste laisse perplexe et soul\u00e8ve des interrogations sur l\u2019\u00e9tat d\u2019esprit du suspect.<\/p>\n\n\n\n<p>S\u2019agissait-il d\u2019un acte d\u00e9sesp\u00e9r\u00e9 d\u2019un jeune en d\u00e9tresse financi\u00e8re ? D\u2019une tentative mal planifi\u00e9e de vol qui a mal tourn\u00e9 ? D\u2019un crime impulsif sans v\u00e9ritable calcul ? &nbsp;Ce drame doit interpeller tout le monde : la situation alarmante d\u2019une jeunesse comorienne en perte de rep\u00e8res. Entre, drogues dures, alcool, ch\u00f4mage, pr\u00e9carit\u00e9 et manque de perspectives, de nombreux jeunes sombrent dans des comportements extr\u00eames. La violence, le crime et la radicalisation deviennent des \u00e9chappatoires \u00e0 une r\u00e9alit\u00e9 sociale de plus en plus oppressante.<\/p>\n\n\n\n<p><strong>&nbsp;La responsabilit\u00e9 collective face \u00e0 la d\u00e9rive des jeunes<\/strong><\/p>\n\n\n\n<p>&nbsp;Si Mikiro est responsable de son acte et doit en r\u00e9pondre devant la justice, il ne faut pas oublier que ce crime est aussi le reflet d\u2019une faillite collective.<br>L\u2019\u00c9tat, en premier lieu, a une responsabilit\u00e9 dans cette d\u00e9rive. L&#8217;absence de politiques efficaces pour l&#8217;emploi des jeunes, le manque d\u2019encadrement \u00e9ducatif et social, ainsi que l&#8217;inaction face \u00e0 la mont\u00e9e de la d\u00e9linquance, contribuent \u00e0 cr\u00e9er un espace propice \u00e0 de tels drames.<\/p>\n\n\n\n<p>Les familles et la soci\u00e9t\u00e9 dans leur ensemble ont elles aussi leur part consid\u00e9rable de responsabilit\u00e9.<\/p>\n\n\n\n<p><strong>Un engouement s\u00e9lectif pour la justice ?<\/strong><\/p>\n\n\n\n<p>L\u2019indignation suscit\u00e9e par le meurtre de Hikimata Ahamada est l\u00e9gitime, mais elle montre aussi une certaine inconstance dans la mobilisation populaire. D\u2019autres crimes tout aussi atroces ont \u00e9t\u00e9 commis ces derni\u00e8res ann\u00e9es, avec des coupables identifiables, mais ils n\u2019ont pas provoqu\u00e9 le m\u00eame niveau de r\u00e9action.<\/p>\n\n\n\n<p>Cette tendance \u00e0 l\u2019indignation s\u00e9lective doit cesser. La justice ne doit pas \u00eatre dict\u00e9e par l\u2019\u00e9motion populaire, mais par des principes justes et \u00e9quitables.<\/p>\n\n\n\n<p><strong>Quelle justice pour Hikimata Ahamada ?<\/strong><\/p>\n\n\n\n<p>Mikiro m\u00e9rite-t-il la peine de mort ? C\u2019est une question \u00e0 laquelle seuls les juges peuvent r\u00e9pondre, en se basant sur la loi et les preuves disponibles. En parall\u00e8le, il est urgent d\u2019investir dans l\u2019\u00e9ducation, l\u2019emploi et l\u2019accompagnement des jeunes, une n\u00e9cessit\u00e9 absolue pour \u00e9viter que d\u2019autres Hikimata ne perdent la vie de mani\u00e8re aussi tragique.<\/p>\n\n\n\n<p>Si dans ce drame, la col\u00e8re et la douleur sont compr\u00e9hensibles, elles ne doivent pas faire oublier que la justice doit \u00eatre rendue avec rigueur et \u00e9quit\u00e9. Punir le coupable est une n\u00e9cessit\u00e9, mais il faut aussi s\u2019attaquer aux causes profondes qui conduisent \u00e0 de telles cons\u00e9quences.<\/p>\n\n\n\n<p>La v\u00e9ritable justice pour Hikimata Ahamada ne r\u00e9side pas seulement dans une condamnation s\u00e9v\u00e8re et exemplaire de son meurtrier, mais aussi dans la mise en place de mesures qui emp\u00eacheront qu\u2019un tel drame ne se reproduise.<\/p>\n\n\n\n<p><\/p>\n","protected":false},"excerpt":{"rendered":"<p>La d\u00e9couverte du corps de Hikimata Ahamada le 1er f\u00e9vrier dernier a secou\u00e9 tout le pays et les r\u00e9v\u00e9lations au compte-gouttes sur les circonstances de son assassinat tiennent en haleine tout un peuple qui, depuis de nombreuses ann\u00e9es, a soif de justice depuis. Par Mounawar Ibrahim Le 31 janvier 2025, la disparition de Hikimata Ahamada, [&hellip;]<\/p>\n","protected":false},"author":10,"featured_media":11498,"comment_status":"open","ping_status":"open","sticky":false,"template":"","format":"standard","meta":{"footnotes":""},"categories":[52],"tags":[92,480],"class_list":["post-11497","post","type-post","status-publish","format-standard","has-post-thumbnail","hentry","category-societe","tag-a-la-une","tag-edition-518"],"_links":{"self":[{"href":"https:\/\/masiwa-comores.com\/json\/wp\/v2\/posts\/11497","targetHints":{"allow":["GET"]}}],"collection":[{"href":"https:\/\/masiwa-comores.com\/json\/wp\/v2\/posts"}],"about":[{"href":"https:\/\/masiwa-comores.com\/json\/wp\/v2\/types\/post"}],"author":[{"embeddable":true,"href":"https:\/\/masiwa-comores.com\/json\/wp\/v2\/users\/10"}],"replies":[{"embeddable":true,"href":"https:\/\/masiwa-comores.com\/json\/wp\/v2\/comments?post=11497"}],"version-history":[{"count":1,"href":"https:\/\/masiwa-comores.com\/json\/wp\/v2\/posts\/11497\/revisions"}],"predecessor-version":[{"id":11499,"href":"https:\/\/masiwa-comores.com\/json\/wp\/v2\/posts\/11497\/revisions\/11499"}],"wp:featuredmedia":[{"embeddable":true,"href":"https:\/\/masiwa-comores.com\/json\/wp\/v2\/media\/11498"}],"wp:attachment":[{"href":"https:\/\/masiwa-comores.com\/json\/wp\/v2\/media?parent=11497"}],"wp:term":[{"taxonomy":"category","embeddable":true,"href":"https:\/\/masiwa-comores.com\/json\/wp\/v2\/categories?post=11497"},{"taxonomy":"post_tag","embeddable":true,"href":"https:\/\/masiwa-comores.com\/json\/wp\/v2\/tags?post=11497"}],"curies":[{"name":"wp","href":"https:\/\/api.w.org\/{rel}","templated":true}]}}